{"id":17047,"date":"2016-10-21T07:17:34","date_gmt":"2016-10-21T12:17:34","guid":{"rendered":"http:\/\/www.revistazetta.com\/?p=17047"},"modified":"2016-10-21T07:17:34","modified_gmt":"2016-10-21T12:17:34","slug":"del-dolor-del-amor-juan-felipe-gomez-escobar","status":"publish","type":"post","link":"https:\/\/revistazetta.com\/?p=17047","title":{"rendered":"Del dolor y del amor por Juan Felipe G\u00f3mez Escobar"},"content":{"rendered":"<p><strong><img loading=\"lazy\" decoding=\"async\" class=\"size-medium wp-image-17049 alignleft\" src=\"https:\/\/www.revistazetta.com\/wp-content\/uploads\/2016\/10\/Juan-Felipe-4-300x240.png\" alt=\"juan-felipe-4\" width=\"300\" height=\"240\" srcset=\"https:\/\/revistazetta.com\/wp-content\/uploads\/2016\/10\/Juan-Felipe-4-300x240.png 300w, https:\/\/revistazetta.com\/wp-content\/uploads\/2016\/10\/Juan-Felipe-4-183x146.png 183w, https:\/\/revistazetta.com\/wp-content\/uploads\/2016\/10\/Juan-Felipe-4-50x40.png 50w, https:\/\/revistazetta.com\/wp-content\/uploads\/2016\/10\/Juan-Felipe-4-94x75.png 94w, https:\/\/revistazetta.com\/wp-content\/uploads\/2016\/10\/Juan-Felipe-4.png 600w\" sizes=\"auto, (max-width: 300px) 100vw, 300px\" \/><\/strong>Juan Felipe G\u00f3mez Escobar habr\u00eda cumplido 16 a\u00f1os de edad esta semana. Por esos misterios del destino, una tragedia apag\u00f3 su vida cuando no hab\u00eda cumplido dos a\u00f1os. Del dolor por su partida surgi\u00f3, en 2001, la fundaci\u00f3n que lleva su nombre.<\/p>\n<p>Su madre, Catalina Escobar, encontr\u00f3 por la v\u00eda del servicio social una manera de honrar la memoria de su beb\u00e9. Dej\u00f3 su trabajo y se dedic\u00f3 a estructurar este proyecto, con ejemplar visi\u00f3n y organizaci\u00f3n. Hoy \u201cLaJuanfe\u201d es reconocida por su invaluable servicio para Cartagena.<\/p>\n<p>\u201cLa mejor manera de honrar la memoria de Juanfe es hacer que su obra trascienda para seguir toc\u00e1ndole la vida a miles de ni\u00f1os y ni\u00f1as\u201d, indic\u00f3 la se\u00f1ora Escobar en su cuenta de Twitter.<\/p>\n<p>En otro trino expresa. \u201cPor esta carita seguir\u00e9 haciendo lo que sea\u2026 aniversario Juanfe \u2013 16 a\u00f1os. Lo primero que haga apenas te vea es no volverte a soltar\u201d.<\/p>\n<p>&nbsp;<\/p>\n<p>Seg\u00fan su p\u00e1gina web, cada a\u00f1o LaJuanfe:<\/p>\n<p>Trabaja con 600 madres adolescentes que viven en condiciones de extrema pobreza. (A la fecha se han empoderado alrededor de 2.274).<\/p>\n<p>Salva la vida de 350 beb\u00e9s a trav\u00e9s del Plan Padrino de Cunas (A la fecha se han salvado m\u00e1s de 4.051)<\/p>\n<p>Atiende promedio a 20 mil pacientes en el Centro M\u00e9dico Juan Felipe IPS (A la fecha se han atendido m\u00e1s de 160 mil).<\/p>\n<p>Asiste a 200 beb\u00e9s en el Centro Integral de Desarrollo Infantil.<\/p>\n<p><img loading=\"lazy\" decoding=\"async\" class=\"alignright size-medium wp-image-17051\" src=\"https:\/\/www.revistazetta.com\/wp-content\/uploads\/2016\/10\/Juan-Felipe-7-300x188.jpg\" alt=\"juan-felipe-7\" width=\"300\" height=\"188\" srcset=\"https:\/\/revistazetta.com\/wp-content\/uploads\/2016\/10\/Juan-Felipe-7-300x188.jpg 300w, https:\/\/revistazetta.com\/wp-content\/uploads\/2016\/10\/Juan-Felipe-7-234x146.jpg 234w, https:\/\/revistazetta.com\/wp-content\/uploads\/2016\/10\/Juan-Felipe-7-50x31.jpg 50w, https:\/\/revistazetta.com\/wp-content\/uploads\/2016\/10\/Juan-Felipe-7-120x75.jpg 120w, https:\/\/revistazetta.com\/wp-content\/uploads\/2016\/10\/Juan-Felipe-7.jpg 576w\" sizes=\"auto, (max-width: 300px) 100vw, 300px\" \/><\/p>\n<p>Este es el perfil de la Fundaci\u00f3n que aparece en su p\u00e1gina <a href=\"https:\/\/www.juanfe.org\" target=\"_blank\" rel=\"noopener\">www.juanfe.org<\/a><\/p>\n<p>En el a\u00f1o 2001 cuando la familia G\u00f3mez Escobar viv\u00eda en Cartagena de Indias, la ciudad presentaba una terrible situaci\u00f3n social. Lo anterior sumado al fallecimiento de Juan Felipe G\u00f3mez el mismo a\u00f1o, motiv\u00f3 la creaci\u00f3n de este gran proyecto social: La Fundaci\u00f3n Juan Felipe G\u00f3mez Escobar, Juanfe. Una organizaci\u00f3n sin \u00e1nimo de lucro que lleva su nombre, y que en su memoria: empodera a madres adolescentes en condici\u00f3n de pobreza extrema, salva la vida de miles de ni\u00f1os que por falta de recursos se encuentran en riesgo de muerte y le brinda atenci\u00f3n m\u00e9dica a poblaci\u00f3n vulnerable.<\/p>\n<p>Catalina Escobar, presidente y fundadora de la Juanfe, era voluntaria en el Hospital de Maternidad Rafael Calvo, lo cual le permiti\u00f3 percibir las elevadas tasas de mortalidad infantil evitable que se presentaban en la ciudad y observar que la mayor\u00eda de beb\u00e9s que mor\u00edan, eran hijos de madres adolescentes en condici\u00f3n de vulnerabilidad. Tras la muerte de su hijo Juan Felipe, Catalina tom\u00f3 la firme determinaci\u00f3n de crear una organizaci\u00f3n que ayudara a prevenir estas muertes evitables producto de la falta de recursos econ\u00f3micos.<\/p>\n<p>De esta manera surgi\u00f3 la Juanfe, una entidad sin \u00e1nimo de lucro que desde sus inicios, ha logrado romper ciclos de pobreza dejando de lado el asistencialismo. En un principio los esfuerzos se centraron en la disminuci\u00f3n de la mortalidad infantil, pero con el tiempo se identific\u00f3 un problema mayor y m\u00e1s complejo que era una de las principales causas de estas muertes: el embarazo en adolescentes. Es as\u00ed como el empoderamiento de madres adolescentes se convierte en un objetivo estrat\u00e9gico de la Fundaci\u00f3n.<\/p>\n<p>Estamos convencidos que soluciones pobres para abarcar la pobreza, redundan en m\u00e1s pobreza. Es por esto que en cada uno de los seis programas de intervenci\u00f3n que desarrollamos nos esforzamos por otorgar servicios con est\u00e1ndares de clase mundial para todos nuestros beneficiarios.<\/p>\n<p>En el avance de esta misi\u00f3n nos acompa\u00f1an empresarios nacionales, internacionales, agencias de cooperaci\u00f3n p\u00fablica y privada que se interesan en atacar esta problem\u00e1tica. De la mano de ellos y del Gobierno Nacional y local, unimos esfuerzos para ejecutar soluciones reales a la pobreza y as\u00ed aportar al desarrollo social sostenible del pa\u00eds.<\/p>\n<p><img loading=\"lazy\" decoding=\"async\" class=\"alignright size-medium wp-image-17050\" src=\"https:\/\/www.revistazetta.com\/wp-content\/uploads\/2016\/10\/Juan-Felipe-5-300x188.jpg\" alt=\"juan-felipe-5\" width=\"300\" height=\"188\" srcset=\"https:\/\/revistazetta.com\/wp-content\/uploads\/2016\/10\/Juan-Felipe-5-300x188.jpg 300w, https:\/\/revistazetta.com\/wp-content\/uploads\/2016\/10\/Juan-Felipe-5-234x146.jpg 234w, https:\/\/revistazetta.com\/wp-content\/uploads\/2016\/10\/Juan-Felipe-5-50x31.jpg 50w, https:\/\/revistazetta.com\/wp-content\/uploads\/2016\/10\/Juan-Felipe-5-120x75.jpg 120w, https:\/\/revistazetta.com\/wp-content\/uploads\/2016\/10\/Juan-Felipe-5.jpg 576w\" sizes=\"auto, (max-width: 300px) 100vw, 300px\" \/>En septiembre de 2011 inauguramos en Cartagena nuestra nueva sede: El Complejo Social un macroproyecto de 13.000\u00a0metros cuadrados, que permiti\u00f3 ampliar la capacidad instalada, la calidad de los servicios y el impacto generado en la ciudad. Como compromiso de la Fundaci\u00f3n con el medio ambiente, el Complejo Social es un referente de cultura ciudadana, bioclim\u00e1tica y respeto al ecosistema. Nuestra sede fue construida bajo la connotaci\u00f3n de un edificio verde y tenemos la certificaci\u00f3n:-\u00a0LEED\u00ae categor\u00eda Plata- del US Green Building Council, que nos convierte en la\u00a0primera Fundaci\u00f3n en el pa\u00eds con esta certificaci\u00f3n en Operaci\u00f3n Sostenible.<\/p>\n<p>Gracias a nuestros m\u00e1s de 14 a\u00f1os de \u00e9xito con resultados de alto impacto social, el Banco Interamericano de Desarrollo y la ONG ACTEC de B\u00e9lgica, identificaron nuestro modelo como una soluci\u00f3n innovadora al problema del embarazo adolescente como factor perpetuador de pobreza en Latinoam\u00e9rica y el mundo. Es por esto que est\u00e1n apoy\u00e1ndonos a fortalecer nuestro modelo para que sea estandarizado y replicado, y as\u00ed poder llevarlo a otras ciudades del pa\u00eds y del mundo.<\/p>\n","protected":false},"excerpt":{"rendered":"<p>Juan Felipe G\u00f3mez Escobar habr\u00eda cumplido 16 a\u00f1os de edad esta semana. Por esos misterios del destino, una tragedia apag\u00f3 su vida cuando no hab\u00eda cumplido dos a\u00f1os. Del dolor por su partida surgi\u00f3, en 2001, la fundaci\u00f3n que lleva su nombre. Su madre, Catalina Escobar, encontr\u00f3 por la v\u00eda del servicio social una manera de honrar la memoria de su beb\u00e9. Dej\u00f3 su trabajo y se dedic\u00f3 a estructurar este proyecto, con ejemplar visi\u00f3n y organizaci\u00f3n. Hoy \u201cLaJuanfe\u201d es reconocida por su invaluable servicio para Cartagena. \u201cLa mejor manera&#8230; <\/p>\n","protected":false},"author":3,"featured_media":17048,"comment_status":"open","ping_status":"closed","sticky":false,"template":"","format":"standard","meta":{"footnotes":"","_links_to":"","_links_to_target":""},"categories":[2,75],"tags":[],"class_list":["post-17047","post","type-post","status-publish","format-standard","has-post-thumbnail","hentry","category-actualidad","category-destacada"],"_links":{"self":[{"href":"https:\/\/revistazetta.com\/index.php?rest_route=\/wp\/v2\/posts\/17047","targetHints":{"allow":["GET"]}}],"collection":[{"href":"https:\/\/revistazetta.com\/index.php?rest_route=\/wp\/v2\/posts"}],"about":[{"href":"https:\/\/revistazetta.com\/index.php?rest_route=\/wp\/v2\/types\/post"}],"author":[{"embeddable":true,"href":"https:\/\/revistazetta.com\/index.php?rest_route=\/wp\/v2\/users\/3"}],"replies":[{"embeddable":true,"href":"https:\/\/revistazetta.com\/index.php?rest_route=%2Fwp%2Fv2%2Fcomments&post=17047"}],"version-history":[{"count":0,"href":"https:\/\/revistazetta.com\/index.php?rest_route=\/wp\/v2\/posts\/17047\/revisions"}],"wp:featuredmedia":[{"embeddable":true,"href":"https:\/\/revistazetta.com\/index.php?rest_route=\/wp\/v2\/media\/17048"}],"wp:attachment":[{"href":"https:\/\/revistazetta.com\/index.php?rest_route=%2Fwp%2Fv2%2Fmedia&parent=17047"}],"wp:term":[{"taxonomy":"category","embeddable":true,"href":"https:\/\/revistazetta.com\/index.php?rest_route=%2Fwp%2Fv2%2Fcategories&post=17047"},{"taxonomy":"post_tag","embeddable":true,"href":"https:\/\/revistazetta.com\/index.php?rest_route=%2Fwp%2Fv2%2Ftags&post=17047"}],"curies":[{"name":"wp","href":"https:\/\/api.w.org\/{rel}","templated":true}]}}