{"id":17108,"date":"2016-10-24T14:50:28","date_gmt":"2016-10-24T19:50:28","guid":{"rendered":"http:\/\/www.revistazetta.com\/?p=17108"},"modified":"2016-10-24T23:05:10","modified_gmt":"2016-10-25T04:05:10","slug":"desfile-diversidad-sexual-no-visto-los-ninos-salim-guerra","status":"publish","type":"post","link":"https:\/\/revistazetta.com\/?p=17108","title":{"rendered":"Desfile de diversidad sexual no debe ser visto por los ni\u00f1os: Salim Guerra"},"content":{"rendered":"<p>El desfile de la Diversidad Sexual no debe hacer \u00a0parte de la programaci\u00f3n de las Fiestas de Independencia, y mucho menos debe ser visto por ni\u00f1os, conceptu\u00f3 el\u00a0concejal Antonio Salim Guerra.<\/p>\n<p>Para el cabildante, el desfile atenta contra el desarrollo sexual de los ni\u00f1os y por tanto no puede imponerse por encima de los derechos de los mismos.\u00a0\u00ab\u00bfQu\u00e9 est\u00e1 haciendo la Administraci\u00f3n Nacional y Distrital por la defensa de los derechos de los ni\u00f1os para que casos como estos no se presenten?\u00bb Este es el cuestionamiento que hace Guerra\u00a0y record\u00f3 que est\u00e1 vigente\u00a0para el Distrito un acuerdo de prevenci\u00f3n a actos de erotizaci\u00f3n temprana, que es un mecanismo soportado por la ley y que permite actuar y evitar estas situaciones.<\/p>\n<p>En contra de esta propuesta se manifest\u00f3 el concejal Am\u00e9rico Mendoza, aclarando que este acuerdo sobre la prevenci\u00f3n de erotizaci\u00f3n temprana, no tiene alcance ni justifica la cancelaci\u00f3n o realizaci\u00f3n a puerta cerrada del mencionado desfile.<\/p>\n<p>Mendoza Quessep\u00a0hizo un llamado a la tolerancia recalcando que las Fiestas de Independencia son para todos, no solo para los heterosexuales y propone a los padres que no est\u00e9n de acuerdo con que los ni\u00f1os presencien el desfile, se abstengan de llevarlos.<\/p>\n<p>&nbsp;<\/p>\n<p>&nbsp;<\/p>\n","protected":false},"excerpt":{"rendered":"<p>El desfile de la Diversidad Sexual no debe hacer \u00a0parte de la programaci\u00f3n de las Fiestas de Independencia, y mucho menos debe ser visto por ni\u00f1os, conceptu\u00f3 el\u00a0concejal Antonio Salim Guerra. Para el cabildante, el desfile atenta contra el desarrollo sexual de los ni\u00f1os y por tanto no puede imponerse por encima de los derechos de los mismos.\u00a0\u00ab\u00bfQu\u00e9 est\u00e1 haciendo la Administraci\u00f3n Nacional y Distrital por la defensa de los derechos de los ni\u00f1os para que casos como estos no se presenten?\u00bb Este es el cuestionamiento que hace Guerra\u00a0y record\u00f3&#8230; <\/p>\n","protected":false},"author":3,"featured_media":17112,"comment_status":"open","ping_status":"closed","sticky":false,"template":"","format":"standard","meta":{"footnotes":"","_links_to":"","_links_to_target":""},"categories":[27,75],"tags":[175],"class_list":["post-17108","post","type-post","status-publish","format-standard","has-post-thumbnail","hentry","category-politicaconcejo","category-destacada","tag-antonio-salim-guerra"],"_links":{"self":[{"href":"https:\/\/revistazetta.com\/index.php?rest_route=\/wp\/v2\/posts\/17108","targetHints":{"allow":["GET"]}}],"collection":[{"href":"https:\/\/revistazetta.com\/index.php?rest_route=\/wp\/v2\/posts"}],"about":[{"href":"https:\/\/revistazetta.com\/index.php?rest_route=\/wp\/v2\/types\/post"}],"author":[{"embeddable":true,"href":"https:\/\/revistazetta.com\/index.php?rest_route=\/wp\/v2\/users\/3"}],"replies":[{"embeddable":true,"href":"https:\/\/revistazetta.com\/index.php?rest_route=%2Fwp%2Fv2%2Fcomments&post=17108"}],"version-history":[{"count":0,"href":"https:\/\/revistazetta.com\/index.php?rest_route=\/wp\/v2\/posts\/17108\/revisions"}],"wp:featuredmedia":[{"embeddable":true,"href":"https:\/\/revistazetta.com\/index.php?rest_route=\/wp\/v2\/media\/17112"}],"wp:attachment":[{"href":"https:\/\/revistazetta.com\/index.php?rest_route=%2Fwp%2Fv2%2Fmedia&parent=17108"}],"wp:term":[{"taxonomy":"category","embeddable":true,"href":"https:\/\/revistazetta.com\/index.php?rest_route=%2Fwp%2Fv2%2Fcategories&post=17108"},{"taxonomy":"post_tag","embeddable":true,"href":"https:\/\/revistazetta.com\/index.php?rest_route=%2Fwp%2Fv2%2Ftags&post=17108"}],"curies":[{"name":"wp","href":"https:\/\/api.w.org\/{rel}","templated":true}]}}