{"id":17124,"date":"2016-10-25T05:36:57","date_gmt":"2016-10-25T10:36:57","guid":{"rendered":"http:\/\/www.revistazetta.com\/?p=17124"},"modified":"2016-10-25T05:36:57","modified_gmt":"2016-10-25T10:36:57","slug":"26-octubre-feria-atencion-al-ciudadano-cartagena","status":"publish","type":"post","link":"https:\/\/revistazetta.com\/?p=17124","title":{"rendered":"El 26 de octubre, Feria de Atenci\u00f3n al Ciudadano en Cartagena"},"content":{"rendered":"<p>Las Cajas de compensaci\u00f3n Familiar de Cartagena, Comfamiliar y Comfenalco, se dar\u00e1n cita este 26 de octubre en la Plaza de la Paz, de 8:00 a. m. a 5:00 p. m., donde pondr\u00e1n a disposici\u00f3n de los ciudadanos todas las bondades del Sistema de Compensaci\u00f3n Familiar.<\/p>\n<p>La \u2018Feria de Atenci\u00f3n al Ciudadano, Espacios de Interacci\u00f3n con los Usuarios del sistema\u2019 ya se ha realizado en siete ciudades del pa\u00eds, entre ellas, C\u00facuta, Popay\u00e1n, Monter\u00eda, Santa Marta y Barranquilla, donde la acogida ha sido exitosa y se espera que en esta oportunidad en la ciudad de Cartagena no sea la excepci\u00f3n.  <\/p>\n<p>La iniciativa, liderada por la Superintendente del subsidio familiar, Griselda Janeth Restrepo, tiene como objetivo fomentar la participaci\u00f3n activa de la ciudadan\u00eda y estrechar las relaciones de las 44 Cajas de compensaci\u00f3n que tiene el pa\u00eds, con su p\u00fablico de inter\u00e9s.<\/p>\n<p>La idea es que todos los ciudadanos afiliados y no afiliados visiten la Feria y conozcan los beneficios que ofrecen las Cajas de compensaci\u00f3n para mejorar la calidad de vida de los colombianos, resuelvan inquietudes y disfruten de un espacio agradable al ritmo de m\u00fasica y muestras culturales.<\/p>\n<p>Los Cartageneros que visiten la Feria de Atenci\u00f3n al Ciudadano podr\u00e1n recibir informaci\u00f3n en materia de empleo, vivienda, educaci\u00f3n, recreaci\u00f3n y deporte y disfrutar de presentaciones en vivo de las muestras culturales y folcl\u00f3ricas de nuestras Cajas.<\/p>\n","protected":false},"excerpt":{"rendered":"<p>Las Cajas de compensaci\u00f3n Familiar de Cartagena, Comfamiliar y Comfenalco, se dar\u00e1n cita este 26 de octubre en la Plaza de la Paz, de 8:00 a. m. a 5:00 p. m., donde pondr\u00e1n a disposici\u00f3n de los ciudadanos todas las bondades del Sistema de Compensaci\u00f3n Familiar. La \u2018Feria de Atenci\u00f3n al Ciudadano, Espacios de Interacci\u00f3n con los Usuarios del sistema\u2019 ya se ha realizado en siete ciudades del pa\u00eds, entre ellas, C\u00facuta, Popay\u00e1n, Monter\u00eda, Santa Marta y Barranquilla, donde la acogida ha sido exitosa y se espera que en esta&#8230; <\/p>\n","protected":false},"author":3,"featured_media":0,"comment_status":"open","ping_status":"closed","sticky":false,"template":"","format":"standard","meta":{"footnotes":"","_links_to":"","_links_to_target":""},"categories":[2],"tags":[],"class_list":["post-17124","post","type-post","status-publish","format-standard","hentry","category-actualidad"],"_links":{"self":[{"href":"https:\/\/revistazetta.com\/index.php?rest_route=\/wp\/v2\/posts\/17124","targetHints":{"allow":["GET"]}}],"collection":[{"href":"https:\/\/revistazetta.com\/index.php?rest_route=\/wp\/v2\/posts"}],"about":[{"href":"https:\/\/revistazetta.com\/index.php?rest_route=\/wp\/v2\/types\/post"}],"author":[{"embeddable":true,"href":"https:\/\/revistazetta.com\/index.php?rest_route=\/wp\/v2\/users\/3"}],"replies":[{"embeddable":true,"href":"https:\/\/revistazetta.com\/index.php?rest_route=%2Fwp%2Fv2%2Fcomments&post=17124"}],"version-history":[{"count":0,"href":"https:\/\/revistazetta.com\/index.php?rest_route=\/wp\/v2\/posts\/17124\/revisions"}],"wp:attachment":[{"href":"https:\/\/revistazetta.com\/index.php?rest_route=%2Fwp%2Fv2%2Fmedia&parent=17124"}],"wp:term":[{"taxonomy":"category","embeddable":true,"href":"https:\/\/revistazetta.com\/index.php?rest_route=%2Fwp%2Fv2%2Fcategories&post=17124"},{"taxonomy":"post_tag","embeddable":true,"href":"https:\/\/revistazetta.com\/index.php?rest_route=%2Fwp%2Fv2%2Ftags&post=17124"}],"curies":[{"name":"wp","href":"https:\/\/api.w.org\/{rel}","templated":true}]}}