{"id":17126,"date":"2016-10-25T06:47:48","date_gmt":"2016-10-25T11:47:48","guid":{"rendered":"http:\/\/www.revistazetta.com\/?p=17126"},"modified":"2016-10-25T06:47:48","modified_gmt":"2016-10-25T11:47:48","slug":"mincultura-abre-convocatoria-xii-encuentro-internacional-productores-marco-ficci-2017","status":"publish","type":"post","link":"https:\/\/revistazetta.com\/?p=17126","title":{"rendered":"MinCultura abre convocatoria para el XII Encuentro Internacional de Productores en el marco de FICCI 2017"},"content":{"rendered":"<p>El Encuentro, que se har\u00e1 durante el Festival Internacional de Cine de Cartagena de Indias, FICCI 2017, recibir\u00e1 hasta el 17 de noviembre de 2016, proyectos de largometraje de ficci\u00f3n en etapa de desarrollo de productores latinoamericanos.<\/p>\n<p>El Encuentro Internacional de Productores, organizado por el Ministerio de Cultura, el Consejo Nacional de las Artes y la Cultura en Cinematograf\u00eda (CNACC) y Proim\u00e1genes Colombia, es un espacio de formaci\u00f3n para la presentaci\u00f3n de proyectos y \u2018pitching\u2019, dise\u00f1o de audiencias e identificaci\u00f3n de modelos de distribuci\u00f3n y financiaci\u00f3n, que convoca a productores latinoamericanos a postular proyectos de largometrajes de ficci\u00f3n en etapa de desarrollo. <\/p>\n<p>Podr\u00e1n participar productores cuyo proyecto cuente con m\u00ednimo el veinte por ciento (20%) del costo total de la producci\u00f3n y que sea la primera o segunda obra tanto del director como del productor ejecutivo.<\/p>\n<p>Los proyectos que cumplan con los requisitos solicitados ser\u00e1n sometidos al estudio de un comit\u00e9 evaluador que se encargar\u00e1 de seleccionar los 12 proyectos participantes (m\u00ednimo 8 proyectos colombianos).<\/p>\n<p>Los resultados se dar\u00e1n a conocer el 16 de diciembre de 2016 a trav\u00e9s de los boletines electr\u00f3nicos Claqueta, Pantalla Colombia y de las p\u00e1ginas web www.mincultura.gov.co , www.proimagenescolombia.com  ywww.ficcifestival.com<\/p>\n<p>El Encuentro Internacional de Productores se llevar\u00e1 a cabo del 2 al 6 de marzo de 2017, durante el 57\u00b0 Festival Internacional de Cine de Cartagena de Indias, FICCI, en la sede del Centro de Formaci\u00f3n de la Cooperaci\u00f3n Espa\u00f1ola de la ciudad heroica.<\/p>\n<p>El Encuentro Internacional brinda herramientas para fortalecer las destrezas, habilidades y conocimiento en la presentaci\u00f3n de proyectos y creaci\u00f3n de la estrategia de participaci\u00f3n de las audiencias que coincidan con la futura distribuci\u00f3n de las pel\u00edculas.<\/p>\n<p>El taller hace parte de Puerto FICCI, espacio del Festival Internacional de Cine de Cartagena para quienes desde sus diversos oficios dentro de la industria audiovisual buscan un lugar para intercambiar, diversificar y nutrir sus ideas en el \u00e1rea del cine.<\/p>\n<p>Esta iniciativa ha visto nacer y emerger proyectos de relevancia para el cine colombiano, en el que m\u00e1s de la mitad de los participantes han producido y estrenado sus pel\u00edculas. Algunos t\u00edtulos que han pasado por este espacio son \u2018Alias Mar\u00eda\u2019, \u2018Apaporis\u2019, \u2018Los colores de la monta\u00f1a\u2019, \u2018Perro come perro\u2019, \u2018El p\u00e1ramo\u2019, \u2018La pasi\u00f3n de Gabriel\u2019, \u2018La sociedad del sem\u00e1foro\u2019, \u2018Los viajes del viento\u2019, \u2018El vuelco del cangrejo\u2019, \u2018Karen llora en un bus\u2019, \u2018La Playa D.C.\u2019, \u2018El resquicio\u2019, \u2018Roa\u2019, \u2018Cazando luci\u00e9rnagas\u2019, \u2018Mateo\u2019, \u2018Gente de bien\u2019, \u2018El abrazo de la serpiente\u2019, \u2018Anna\u2019, \u2018Buenaventura Mon Amur\u2019, entre otros.<\/p>\n","protected":false},"excerpt":{"rendered":"<p>El Encuentro, que se har\u00e1 durante el Festival Internacional de Cine de Cartagena de Indias, FICCI 2017, recibir\u00e1 hasta el 17 de noviembre de 2016, proyectos de largometraje de ficci\u00f3n en etapa de desarrollo de productores latinoamericanos. El Encuentro Internacional de Productores, organizado por el Ministerio de Cultura, el Consejo Nacional de las Artes y la Cultura en Cinematograf\u00eda (CNACC) y Proim\u00e1genes Colombia, es un espacio de formaci\u00f3n para la presentaci\u00f3n de proyectos y \u2018pitching\u2019, dise\u00f1o de audiencias e identificaci\u00f3n de modelos de distribuci\u00f3n y financiaci\u00f3n, que convoca a productores&#8230; <\/p>\n","protected":false},"author":3,"featured_media":0,"comment_status":"open","ping_status":"closed","sticky":false,"template":"","format":"standard","meta":{"footnotes":"","_links_to":"","_links_to_target":""},"categories":[41,60],"tags":[],"class_list":["post-17126","post","type-post","status-publish","format-standard","hentry","category-cultura","category-cine"],"_links":{"self":[{"href":"https:\/\/revistazetta.com\/index.php?rest_route=\/wp\/v2\/posts\/17126","targetHints":{"allow":["GET"]}}],"collection":[{"href":"https:\/\/revistazetta.com\/index.php?rest_route=\/wp\/v2\/posts"}],"about":[{"href":"https:\/\/revistazetta.com\/index.php?rest_route=\/wp\/v2\/types\/post"}],"author":[{"embeddable":true,"href":"https:\/\/revistazetta.com\/index.php?rest_route=\/wp\/v2\/users\/3"}],"replies":[{"embeddable":true,"href":"https:\/\/revistazetta.com\/index.php?rest_route=%2Fwp%2Fv2%2Fcomments&post=17126"}],"version-history":[{"count":0,"href":"https:\/\/revistazetta.com\/index.php?rest_route=\/wp\/v2\/posts\/17126\/revisions"}],"wp:attachment":[{"href":"https:\/\/revistazetta.com\/index.php?rest_route=%2Fwp%2Fv2%2Fmedia&parent=17126"}],"wp:term":[{"taxonomy":"category","embeddable":true,"href":"https:\/\/revistazetta.com\/index.php?rest_route=%2Fwp%2Fv2%2Fcategories&post=17126"},{"taxonomy":"post_tag","embeddable":true,"href":"https:\/\/revistazetta.com\/index.php?rest_route=%2Fwp%2Fv2%2Ftags&post=17126"}],"curies":[{"name":"wp","href":"https:\/\/api.w.org\/{rel}","templated":true}]}}