{"id":17127,"date":"2016-10-25T06:49:17","date_gmt":"2016-10-25T11:49:17","guid":{"rendered":"http:\/\/www.revistazetta.com\/?p=17127"},"modified":"2016-10-25T07:13:16","modified_gmt":"2016-10-25T12:13:16","slug":"privados-ponen-distrito-mejora-barrios","status":"publish","type":"post","link":"https:\/\/revistazetta.com\/?p=17127","title":{"rendered":"Privados ponen y Distrito mejora barrios"},"content":{"rendered":"<p>\u00abMejoramiento Integral de Barrios\u00bb es el nombre del programa donde empresas privadas, vinculadas al sector de la construcci\u00f3n, apoyan con maquinaria, materiales y mano de obra, y el Distrito ejecuta trabajos de mejoramiento de calles y servicios p\u00fablicos en sectores de estratos 1, 2 y 3 de Cartagena.<br \/>\nEl plan fue presentado por el alcalde Manolo Duque y el gerente de Corvivienda, William Garc\u00eda Tirado.<br \/>\n\u00abEl objetivo es orientar las acciones de complementaci\u00f3n, reordenamiento o adecuaci\u00f3n requeridas, tanto en el espacio urbano c\u00f3mo en las unidades de vivienda, que conforman los asentamientos de origen ilegal ubicados en la periferia de la ciudad. Vamos a darle prioridad a aquellas v\u00edas que lo requieran de manera inmediata\u00bb, indic\u00f3 el gerente de Corvivienda.<br \/>\nGarc\u00eda Tirado conmin\u00f3 a las Juntas de Acci\u00f3n Comunal (JAC) que requieran intervenciones en sus barrios, a radicar la solicitud en la sede la entidad, ubicada en Manga 3era avenida #61-22.<br \/>\n\u00abInvitamos a las organizaciones comunales que requieren este tipo de intervenciones, a que se acerquen y priorizaremos las obras a las que haya lugar. Estas se van a hacer a sabiendas que no tendr\u00e1n mucho tiempo de duraci\u00f3n, pero van a mejorar la calidad de vida de la poblaci\u00f3n\u00bb, a\u00f1adi\u00f3.<br \/>\nLos arquitectos e ingenieros de Corvivienda ser\u00e1n los encargados de realizar el diagn\u00f3stico de aquellos barrios que necesitan las obras con mayor urgencia.<\/p>\n","protected":false},"excerpt":{"rendered":"<p>\u00abMejoramiento Integral de Barrios\u00bb es el nombre del programa donde empresas privadas, vinculadas al sector de la construcci\u00f3n, apoyan con maquinaria, materiales y mano de obra, y el Distrito ejecuta trabajos de mejoramiento de calles y servicios p\u00fablicos en sectores de estratos 1, 2 y 3 de Cartagena. El plan fue presentado por el alcalde Manolo Duque y el gerente de Corvivienda, William Garc\u00eda Tirado. \u00abEl objetivo es orientar las acciones de complementaci\u00f3n, reordenamiento o adecuaci\u00f3n requeridas, tanto en el espacio urbano c\u00f3mo en las unidades de vivienda, que conforman&#8230; <\/p>\n","protected":false},"author":3,"featured_media":17128,"comment_status":"open","ping_status":"closed","sticky":false,"template":"","format":"standard","meta":{"footnotes":"","_links_to":"","_links_to_target":""},"categories":[32,86,75],"tags":[],"class_list":["post-17127","post","type-post","status-publish","format-standard","has-post-thumbnail","hentry","category-actualidad-distrito","category-comunidad","category-destacada"],"_links":{"self":[{"href":"https:\/\/revistazetta.com\/index.php?rest_route=\/wp\/v2\/posts\/17127","targetHints":{"allow":["GET"]}}],"collection":[{"href":"https:\/\/revistazetta.com\/index.php?rest_route=\/wp\/v2\/posts"}],"about":[{"href":"https:\/\/revistazetta.com\/index.php?rest_route=\/wp\/v2\/types\/post"}],"author":[{"embeddable":true,"href":"https:\/\/revistazetta.com\/index.php?rest_route=\/wp\/v2\/users\/3"}],"replies":[{"embeddable":true,"href":"https:\/\/revistazetta.com\/index.php?rest_route=%2Fwp%2Fv2%2Fcomments&post=17127"}],"version-history":[{"count":0,"href":"https:\/\/revistazetta.com\/index.php?rest_route=\/wp\/v2\/posts\/17127\/revisions"}],"wp:featuredmedia":[{"embeddable":true,"href":"https:\/\/revistazetta.com\/index.php?rest_route=\/wp\/v2\/media\/17128"}],"wp:attachment":[{"href":"https:\/\/revistazetta.com\/index.php?rest_route=%2Fwp%2Fv2%2Fmedia&parent=17127"}],"wp:term":[{"taxonomy":"category","embeddable":true,"href":"https:\/\/revistazetta.com\/index.php?rest_route=%2Fwp%2Fv2%2Fcategories&post=17127"},{"taxonomy":"post_tag","embeddable":true,"href":"https:\/\/revistazetta.com\/index.php?rest_route=%2Fwp%2Fv2%2Ftags&post=17127"}],"curies":[{"name":"wp","href":"https:\/\/api.w.org\/{rel}","templated":true}]}}