{"id":17129,"date":"2016-10-25T12:19:37","date_gmt":"2016-10-25T17:19:37","guid":{"rendered":"http:\/\/www.revistazetta.com\/?p=17129"},"modified":"2016-10-25T12:19:37","modified_gmt":"2016-10-25T17:19:37","slug":"asamblea-sesiona-s-s-ruina-sede","status":"publish","type":"post","link":"https:\/\/revistazetta.com\/?p=17129","title":{"rendered":"Asamblea sesiona bajo S.O.S. por ruina de sede"},"content":{"rendered":"<p><img loading=\"lazy\" decoding=\"async\" class=\"size-medium wp-image-17131 alignleft\" src=\"https:\/\/www.revistazetta.com\/wp-content\/uploads\/2016\/10\/Duma-1-copia-300x300.jpg\" alt=\"duma-1-copia\" width=\"300\" height=\"300\" srcset=\"https:\/\/revistazetta.com\/wp-content\/uploads\/2016\/10\/Duma-1-copia-300x300.jpg 300w, https:\/\/revistazetta.com\/wp-content\/uploads\/2016\/10\/Duma-1-copia-150x150.jpg 150w, https:\/\/revistazetta.com\/wp-content\/uploads\/2016\/10\/Duma-1-copia-146x146.jpg 146w, https:\/\/revistazetta.com\/wp-content\/uploads\/2016\/10\/Duma-1-copia-50x50.jpg 50w, https:\/\/revistazetta.com\/wp-content\/uploads\/2016\/10\/Duma-1-copia-75x75.jpg 75w, https:\/\/revistazetta.com\/wp-content\/uploads\/2016\/10\/Duma-1-copia-85x85.jpg 85w, https:\/\/revistazetta.com\/wp-content\/uploads\/2016\/10\/Duma-1-copia-80x80.jpg 80w, https:\/\/revistazetta.com\/wp-content\/uploads\/2016\/10\/Duma-1-copia.jpg 394w\" sizes=\"auto, (max-width: 300px) 100vw, 300px\" \/>La Asamblea Departamental de Bol\u00edvar se declar\u00f3 en alerta roja por la ruina que amenaza su sede en la calle Gastelbondo, y agend\u00f3 su recuperaci\u00f3n como prioritaria en la discusi\u00f3n del presupuesto 2017 con el gobierno departamental.<br \/>\nLa Duma record\u00f3 que hace dos a\u00f1os se desplom\u00f3 parte del techo y afloraron otra serie de deterioros, lo que hizo que sesionaran temporalmente en el sal\u00f3n \u201cMelanio Porto\u201d de Iderbol, mientras se ejecutaron unos trabajos paliativos y temporales.<br \/>\nPero el \u201cpalomar\u201d, como lo calificaron a la soluci\u00f3n temporal, ya cumpli\u00f3 su misi\u00f3n y todo el edificio acusa el deterioro, especialmente ahora en temporada de lluvias.<br \/>\nEn varias oficinas, como la del diputado Elkin Benavides, se aprecian las varillas oxidadas en los techos desplomados, indicativo del latente riesgo que all\u00ed se aprecia.<br \/>\nLos deterioros tambi\u00e9n afloran en el sal\u00f3n de sesiones, donde hay varias vigas fracturadas; en los balcones externos, en el balc\u00f3n circundante del segundo piso, en las canaletas de aguas, en los techos, en las esclaeras, en fin en toda la edificaci\u00f3n.<br \/>\n<img loading=\"lazy\" decoding=\"async\" class=\"size-medium wp-image-17134 alignright\" src=\"https:\/\/www.revistazetta.com\/wp-content\/uploads\/2016\/10\/Duma-4-copia-300x300.jpg\" alt=\"duma-4-copia\" width=\"300\" height=\"300\" srcset=\"https:\/\/revistazetta.com\/wp-content\/uploads\/2016\/10\/Duma-4-copia-300x300.jpg 300w, https:\/\/revistazetta.com\/wp-content\/uploads\/2016\/10\/Duma-4-copia-150x150.jpg 150w, https:\/\/revistazetta.com\/wp-content\/uploads\/2016\/10\/Duma-4-copia-146x146.jpg 146w, https:\/\/revistazetta.com\/wp-content\/uploads\/2016\/10\/Duma-4-copia-50x50.jpg 50w, https:\/\/revistazetta.com\/wp-content\/uploads\/2016\/10\/Duma-4-copia-75x75.jpg 75w, https:\/\/revistazetta.com\/wp-content\/uploads\/2016\/10\/Duma-4-copia-85x85.jpg 85w, https:\/\/revistazetta.com\/wp-content\/uploads\/2016\/10\/Duma-4-copia-80x80.jpg 80w, https:\/\/revistazetta.com\/wp-content\/uploads\/2016\/10\/Duma-4-copia.jpg 394w\" sizes=\"auto, (max-width: 300px) 100vw, 300px\" \/>El diputado Javier Ignacio Becerra prendi\u00f3 las alarmas cuando se\u00f1al\u00f3 que es imperativo incluir la recuperaci\u00f3n del inmueble en el presupuesto del 2017, lo que fue secundado por el pr\u00f3ximo presidente, Frank Ricuarte, quien se\u00f1al\u00f3 la urgente necesidad de hacer una intervenci\u00f3n t\u00e9cnica al inmueble.<br \/>\nA su vez, el presidente de la comisi\u00f3n de Presupuesto, Jorge Rodr\u00edguez, expres\u00f3 que el edificio \u201camenaza ruina\u201d, y a\u00f1adi\u00f3 que \u201cva a tocar declararnos en resistencia\u201d para llamar la atenci\u00f3n sobre esta prioridad.<br \/>\nMario del Castillo calific\u00f3 de \u201cadefesio\u201d las obras de mitigaci\u00f3n que se ejecutaron, y pidi\u00f3 que se hiciera un documento gr\u00e1fico con el detalle del deterioro del inmueble.<br \/>\nEl presidente de la Asamblea, Jorge Redondo, expres\u00f3 que se han enviado varios oficios a la secretaria de Infraestructura, Hortensia Borge, para que atienda este caso, y que se le enviar\u00e1 uno m\u00e1s a ra\u00edz de este pronunciamiento de los diputados.<br \/>\nLos diputados indicaron que existe un proyecto de $15 mil millones para la recuperaci\u00f3n del inmueble, y que van a dialogar con el gobernador Dumek Turbay para identificar las fuentes de financiaci\u00f3n, se\u00f1alando las regal\u00edas como una de las indicadas.<br \/>\n<img loading=\"lazy\" decoding=\"async\" class=\"alignright size-medium wp-image-17132\" src=\"https:\/\/www.revistazetta.com\/wp-content\/uploads\/2016\/10\/Duma-2-copia-300x300.jpg\" alt=\"duma-2-copia\" width=\"300\" height=\"300\" srcset=\"https:\/\/revistazetta.com\/wp-content\/uploads\/2016\/10\/Duma-2-copia-300x300.jpg 300w, https:\/\/revistazetta.com\/wp-content\/uploads\/2016\/10\/Duma-2-copia-150x150.jpg 150w, https:\/\/revistazetta.com\/wp-content\/uploads\/2016\/10\/Duma-2-copia-146x146.jpg 146w, https:\/\/revistazetta.com\/wp-content\/uploads\/2016\/10\/Duma-2-copia-50x50.jpg 50w, https:\/\/revistazetta.com\/wp-content\/uploads\/2016\/10\/Duma-2-copia-75x75.jpg 75w, https:\/\/revistazetta.com\/wp-content\/uploads\/2016\/10\/Duma-2-copia-85x85.jpg 85w, https:\/\/revistazetta.com\/wp-content\/uploads\/2016\/10\/Duma-2-copia-80x80.jpg 80w, https:\/\/revistazetta.com\/wp-content\/uploads\/2016\/10\/Duma-2-copia.jpg 394w\" sizes=\"auto, (max-width: 300px) 100vw, 300px\" \/> <img loading=\"lazy\" decoding=\"async\" class=\"alignright size-medium wp-image-17133\" src=\"https:\/\/www.revistazetta.com\/wp-content\/uploads\/2016\/10\/Duma-3-copia-300x300.jpg\" alt=\"duma-3-copia\" width=\"300\" height=\"300\" srcset=\"https:\/\/revistazetta.com\/wp-content\/uploads\/2016\/10\/Duma-3-copia-300x300.jpg 300w, https:\/\/revistazetta.com\/wp-content\/uploads\/2016\/10\/Duma-3-copia-150x150.jpg 150w, https:\/\/revistazetta.com\/wp-content\/uploads\/2016\/10\/Duma-3-copia-146x146.jpg 146w, https:\/\/revistazetta.com\/wp-content\/uploads\/2016\/10\/Duma-3-copia-50x50.jpg 50w, https:\/\/revistazetta.com\/wp-content\/uploads\/2016\/10\/Duma-3-copia-75x75.jpg 75w, https:\/\/revistazetta.com\/wp-content\/uploads\/2016\/10\/Duma-3-copia-85x85.jpg 85w, https:\/\/revistazetta.com\/wp-content\/uploads\/2016\/10\/Duma-3-copia-80x80.jpg 80w, https:\/\/revistazetta.com\/wp-content\/uploads\/2016\/10\/Duma-3-copia.jpg 394w\" sizes=\"auto, (max-width: 300px) 100vw, 300px\" \/><\/p>\n","protected":false},"excerpt":{"rendered":"<p>La Asamblea Departamental de Bol\u00edvar se declar\u00f3 en alerta roja por la ruina que amenaza su sede en la calle Gastelbondo, y agend\u00f3 su recuperaci\u00f3n como prioritaria en la discusi\u00f3n del presupuesto 2017 con el gobierno departamental. La Duma record\u00f3 que hace dos a\u00f1os se desplom\u00f3 parte del techo y afloraron otra serie de deterioros, lo que hizo que sesionaran temporalmente en el sal\u00f3n \u201cMelanio Porto\u201d de Iderbol, mientras se ejecutaron unos trabajos paliativos y temporales. Pero el \u201cpalomar\u201d, como lo calificaron a la soluci\u00f3n temporal, ya cumpli\u00f3 su misi\u00f3n&#8230; <\/p>\n","protected":false},"author":3,"featured_media":17130,"comment_status":"open","ping_status":"closed","sticky":false,"template":"","format":"standard","meta":{"footnotes":"","_links_to":"","_links_to_target":""},"categories":[75,28,4],"tags":[],"class_list":["post-17129","post","type-post","status-publish","format-standard","has-post-thumbnail","hentry","category-destacada","category-politica-asamblea","category-politica"],"_links":{"self":[{"href":"https:\/\/revistazetta.com\/index.php?rest_route=\/wp\/v2\/posts\/17129","targetHints":{"allow":["GET"]}}],"collection":[{"href":"https:\/\/revistazetta.com\/index.php?rest_route=\/wp\/v2\/posts"}],"about":[{"href":"https:\/\/revistazetta.com\/index.php?rest_route=\/wp\/v2\/types\/post"}],"author":[{"embeddable":true,"href":"https:\/\/revistazetta.com\/index.php?rest_route=\/wp\/v2\/users\/3"}],"replies":[{"embeddable":true,"href":"https:\/\/revistazetta.com\/index.php?rest_route=%2Fwp%2Fv2%2Fcomments&post=17129"}],"version-history":[{"count":0,"href":"https:\/\/revistazetta.com\/index.php?rest_route=\/wp\/v2\/posts\/17129\/revisions"}],"wp:featuredmedia":[{"embeddable":true,"href":"https:\/\/revistazetta.com\/index.php?rest_route=\/wp\/v2\/media\/17130"}],"wp:attachment":[{"href":"https:\/\/revistazetta.com\/index.php?rest_route=%2Fwp%2Fv2%2Fmedia&parent=17129"}],"wp:term":[{"taxonomy":"category","embeddable":true,"href":"https:\/\/revistazetta.com\/index.php?rest_route=%2Fwp%2Fv2%2Fcategories&post=17129"},{"taxonomy":"post_tag","embeddable":true,"href":"https:\/\/revistazetta.com\/index.php?rest_route=%2Fwp%2Fv2%2Ftags&post=17129"}],"curies":[{"name":"wp","href":"https:\/\/api.w.org\/{rel}","templated":true}]}}