{"id":17138,"date":"2016-10-25T16:47:38","date_gmt":"2016-10-25T21:47:38","guid":{"rendered":"http:\/\/www.revistazetta.com\/?p=17138"},"modified":"2016-10-25T16:58:32","modified_gmt":"2016-10-25T21:58:32","slug":"clemencia-sede-del-tercer-consejo-departamental-politica-social","status":"publish","type":"post","link":"https:\/\/revistazetta.com\/?p=17138","title":{"rendered":"Clemencia, sede del Tercer Consejo Departamental de Pol\u00edtica Social"},"content":{"rendered":"<p>El gobernador de Bol\u00edvar, Dumek Turbay, presidi\u00f3\u00a0el III Consejo Departamental de Pol\u00edtica Social, que se verific\u00f3 en el municipio de Clemencia, donde se evalu\u00f3 el avance del plan de desarrollo \u00abBol\u00edvar S\u00ed Avanza\u00bb.<\/p>\n<p>Turbay y su gabinete en pleno\u00a0dieron cuenta del trabajo que se est\u00e1 haciendo desde sus carteras para el desarrollo del departamento, teniendo en cuenta que en el Consejo se presenta la manera c\u00f3mo cada una de ellas trabaja para la implementaci\u00f3n del Plan de Desarrollo en cuanto a la planificaci\u00f3n, decisi\u00f3n, orientaci\u00f3n y evaluaci\u00f3n de la operaci\u00f3n del Sistema Nacional de Bienestar Familiar y tiene como prop\u00f3sito gestionar las pol\u00edticas programas y proyectos sociales del departamento, bajo un modelo de gesti\u00f3n integral.<\/p>\n<p>El alcalde de Clemencia, Miguel Guillermo Grau,\u00a0y su equipo de colaboradores tambi\u00e9n asisti\u00f3 al Consejo.<\/p>\n<p><img loading=\"lazy\" decoding=\"async\" class=\"alignright size-medium wp-image-17142\" src=\"https:\/\/www.revistazetta.com\/wp-content\/uploads\/2016\/10\/CSB1-300x187.jpg\" alt=\"csb1\" width=\"300\" height=\"187\" srcset=\"https:\/\/revistazetta.com\/wp-content\/uploads\/2016\/10\/CSB1-300x187.jpg 300w, https:\/\/revistazetta.com\/wp-content\/uploads\/2016\/10\/CSB1-234x146.jpg 234w, https:\/\/revistazetta.com\/wp-content\/uploads\/2016\/10\/CSB1-50x31.jpg 50w, https:\/\/revistazetta.com\/wp-content\/uploads\/2016\/10\/CSB1-120x75.jpg 120w, https:\/\/revistazetta.com\/wp-content\/uploads\/2016\/10\/CSB1.jpg 570w\" sizes=\"auto, (max-width: 300px) 100vw, 300px\" \/><\/p>\n<p><img loading=\"lazy\" decoding=\"async\" class=\"alignright size-medium wp-image-17141\" src=\"https:\/\/www.revistazetta.com\/wp-content\/uploads\/2016\/10\/CSB-300x187.jpg\" alt=\"csb\" width=\"300\" height=\"187\" srcset=\"https:\/\/revistazetta.com\/wp-content\/uploads\/2016\/10\/CSB-300x187.jpg 300w, https:\/\/revistazetta.com\/wp-content\/uploads\/2016\/10\/CSB-234x146.jpg 234w, https:\/\/revistazetta.com\/wp-content\/uploads\/2016\/10\/CSB-50x31.jpg 50w, https:\/\/revistazetta.com\/wp-content\/uploads\/2016\/10\/CSB-120x75.jpg 120w, https:\/\/revistazetta.com\/wp-content\/uploads\/2016\/10\/CSB.jpg 570w\" sizes=\"auto, (max-width: 300px) 100vw, 300px\" \/><\/p>\n<p>\u00abContentos de estar en Clemencia. Pueden estar seguros que cada funcionario de la Gobernaci\u00f3n trabaja por mejorar la calidad de vida de todos los bolivarenses\u00bb, experto Turbay.<\/p>\n<p>Al Consejo asisti\u00f3 el Procurador para temas de Infancia, Roberto Pareja, quien se\u00f1al\u00f3 la necesidad de trabajar por capacitar a los comisarios de familia. \u00abLas comisar\u00edas son la punta de lanza de la pol\u00edtica p\u00fablica de infancia. Con una comisar\u00eda que funcione bien, el gobierno no tendr\u00e1 problema con pol\u00edticas p\u00fablicas\u00bb, dijo Pareja<\/p>\n<p>En el Consejo tambi\u00e9n se destac\u00f3 el trabajo que el gobierno hace con comunidades LGTBI, adulto mayor, mujeres, entre otros proyectos que se ejecutan para el bienestar de la poblaci\u00f3n que requiere atenci\u00f3n especial y prioritaria.<\/p>\n","protected":false},"excerpt":{"rendered":"<p>El gobernador de Bol\u00edvar, Dumek Turbay, presidi\u00f3\u00a0el III Consejo Departamental de Pol\u00edtica Social, que se verific\u00f3 en el municipio de Clemencia, donde se evalu\u00f3 el avance del plan de desarrollo \u00abBol\u00edvar S\u00ed Avanza\u00bb. Turbay y su gabinete en pleno\u00a0dieron cuenta del trabajo que se est\u00e1 haciendo desde sus carteras para el desarrollo del departamento, teniendo en cuenta que en el Consejo se presenta la manera c\u00f3mo cada una de ellas trabaja para la implementaci\u00f3n del Plan de Desarrollo en cuanto a la planificaci\u00f3n, decisi\u00f3n, orientaci\u00f3n y evaluaci\u00f3n de la operaci\u00f3n&#8230; <\/p>\n","protected":false},"author":3,"featured_media":17144,"comment_status":"open","ping_status":"closed","sticky":false,"template":"","format":"standard","meta":{"footnotes":"","_links_to":"","_links_to_target":""},"categories":[33,75],"tags":[],"class_list":["post-17138","post","type-post","status-publish","format-standard","has-post-thumbnail","hentry","category-actualidad-bolivar","category-destacada"],"_links":{"self":[{"href":"https:\/\/revistazetta.com\/index.php?rest_route=\/wp\/v2\/posts\/17138","targetHints":{"allow":["GET"]}}],"collection":[{"href":"https:\/\/revistazetta.com\/index.php?rest_route=\/wp\/v2\/posts"}],"about":[{"href":"https:\/\/revistazetta.com\/index.php?rest_route=\/wp\/v2\/types\/post"}],"author":[{"embeddable":true,"href":"https:\/\/revistazetta.com\/index.php?rest_route=\/wp\/v2\/users\/3"}],"replies":[{"embeddable":true,"href":"https:\/\/revistazetta.com\/index.php?rest_route=%2Fwp%2Fv2%2Fcomments&post=17138"}],"version-history":[{"count":0,"href":"https:\/\/revistazetta.com\/index.php?rest_route=\/wp\/v2\/posts\/17138\/revisions"}],"wp:featuredmedia":[{"embeddable":true,"href":"https:\/\/revistazetta.com\/index.php?rest_route=\/wp\/v2\/media\/17144"}],"wp:attachment":[{"href":"https:\/\/revistazetta.com\/index.php?rest_route=%2Fwp%2Fv2%2Fmedia&parent=17138"}],"wp:term":[{"taxonomy":"category","embeddable":true,"href":"https:\/\/revistazetta.com\/index.php?rest_route=%2Fwp%2Fv2%2Fcategories&post=17138"},{"taxonomy":"post_tag","embeddable":true,"href":"https:\/\/revistazetta.com\/index.php?rest_route=%2Fwp%2Fv2%2Ftags&post=17138"}],"curies":[{"name":"wp","href":"https:\/\/api.w.org\/{rel}","templated":true}]}}