{"id":17143,"date":"2016-10-25T17:05:05","date_gmt":"2016-10-25T22:05:05","guid":{"rendered":"http:\/\/www.revistazetta.com\/?p=17143"},"modified":"2016-10-26T00:02:02","modified_gmt":"2016-10-26T05:02:02","slug":"aprobado-proyecto-acuerdo-vigencias-futuras","status":"publish","type":"post","link":"https:\/\/revistazetta.com\/?p=17143","title":{"rendered":"Concejo le aprob\u00f3 vigencias futuras a Manolo"},"content":{"rendered":"<p>El Concejo le \u00abcamin\u00f3\u00bb al alcalde Manolo Duque y le aprob\u00f3 por unanimidad la ponencia del segundo debate del proyecto de acuerdo 028 \u00abPor medio del cual se autoriza al Alcalde Mayor del Distrito Tur\u00edstico y Cultural de Cartagena de Indias para la asunci\u00f3n de compromisos con cargo al presupuesto de vigencias futuras ordinarias &#8211; 2017\u00bb<\/p>\n<p>Los contratos e interventor\u00edas a realizar son los siguientes:<\/p>\n<p>\u2022 Construcci\u00f3n de parques multifuncionales en los barrios Las Gaviotas, Rep\u00fablica de Chile y Urbanizaci\u00f3n Portal de la Cordialidad en el Distrito de Cartagena de Indias.<br \/>\n\u2022 Interventor\u00eda de la construcci\u00f3n de los parques.<\/p>\n<p>Javier Curi Osorio, presidente de la corporaci\u00f3n dijo que \u00abcon este acuerdo que se asegura\u00a0la continuidad de obras sociales que est\u00e1n dirigidas a la infancia y a la educaci\u00f3n que estar\u00e1n materializada para el pr\u00f3ximo a\u00f1o\u00bb.<\/p>\n<p><b>Preparan debate a Planeaci\u00f3n<\/b><\/p>\n<p>El concejal de la bancada de Cambio Radical, Vicente Blel Scaff, record\u00f3 al enlace de la Alcald\u00eda que la Secretar\u00eda de Planeaci\u00f3n Distrital debe hacer\u00a0llegar la informaci\u00f3n que se requiri\u00f3 para el debate que est\u00e1 programado para el d\u00eda jueves.<\/p>\n<p>Cesar Pi\u00f3n, de la bancada de La U, al respecto manifest\u00f3: \u00abEste cuestionario est\u00e1 bastante extenso y es necesario que nosotros hagamos el estudio pertinente para el debate del d\u00eda jueves, as\u00ed que la informaci\u00f3n debe ser entregada como tarde ma\u00f1ana\u00bb.<\/p>\n<p><b>Mesas de Trabajo<\/b><\/p>\n<p>De acuerdo con la proposici\u00f3n 162 del 2016, toda esta semana y la pr\u00f3xima se van a desarrollar las mesas de trabajo para el estudio de presupuesto de la pr\u00f3xima vigencia del Distrito, en las instalaciones de la C\u00e1mara de Comercio de Cartagena, desde las 10:30 am. Este\u00a0martes 25 de octubre se aborda el objetivo 1 que es superar la desigualdad y est\u00e1n invitados el secretario de Educaci\u00f3n, corporaci\u00f3n Universitaria Mayor de Bol\u00edvar, IPCC e IDER.<\/p>\n<p>Para este\u00a0mi\u00e9rcoles 26 de octubre est\u00e1n invitados Dadis, ESE Cartagena, PES y Secretar\u00eda de Participaci\u00f3n Ciudadana.<\/p>\n","protected":false},"excerpt":{"rendered":"<p>El Concejo le \u00abcamin\u00f3\u00bb al alcalde Manolo Duque y le aprob\u00f3 por unanimidad la ponencia del segundo debate del proyecto de acuerdo 028 \u00abPor medio del cual se autoriza al Alcalde Mayor del Distrito Tur\u00edstico y Cultural de Cartagena de Indias para la asunci\u00f3n de compromisos con cargo al presupuesto de vigencias futuras ordinarias &#8211; 2017\u00bb Los contratos e interventor\u00edas a realizar son los siguientes: \u2022 Construcci\u00f3n de parques multifuncionales en los barrios Las Gaviotas, Rep\u00fablica de Chile y Urbanizaci\u00f3n Portal de la Cordialidad en el Distrito de Cartagena de&#8230; <\/p>\n","protected":false},"author":3,"featured_media":17154,"comment_status":"open","ping_status":"closed","sticky":false,"template":"","format":"standard","meta":{"footnotes":"","_links_to":"","_links_to_target":""},"categories":[27,75,4],"tags":[],"class_list":["post-17143","post","type-post","status-publish","format-standard","has-post-thumbnail","hentry","category-politicaconcejo","category-destacada","category-politica"],"_links":{"self":[{"href":"https:\/\/revistazetta.com\/index.php?rest_route=\/wp\/v2\/posts\/17143","targetHints":{"allow":["GET"]}}],"collection":[{"href":"https:\/\/revistazetta.com\/index.php?rest_route=\/wp\/v2\/posts"}],"about":[{"href":"https:\/\/revistazetta.com\/index.php?rest_route=\/wp\/v2\/types\/post"}],"author":[{"embeddable":true,"href":"https:\/\/revistazetta.com\/index.php?rest_route=\/wp\/v2\/users\/3"}],"replies":[{"embeddable":true,"href":"https:\/\/revistazetta.com\/index.php?rest_route=%2Fwp%2Fv2%2Fcomments&post=17143"}],"version-history":[{"count":0,"href":"https:\/\/revistazetta.com\/index.php?rest_route=\/wp\/v2\/posts\/17143\/revisions"}],"wp:featuredmedia":[{"embeddable":true,"href":"https:\/\/revistazetta.com\/index.php?rest_route=\/wp\/v2\/media\/17154"}],"wp:attachment":[{"href":"https:\/\/revistazetta.com\/index.php?rest_route=%2Fwp%2Fv2%2Fmedia&parent=17143"}],"wp:term":[{"taxonomy":"category","embeddable":true,"href":"https:\/\/revistazetta.com\/index.php?rest_route=%2Fwp%2Fv2%2Fcategories&post=17143"},{"taxonomy":"post_tag","embeddable":true,"href":"https:\/\/revistazetta.com\/index.php?rest_route=%2Fwp%2Fv2%2Ftags&post=17143"}],"curies":[{"name":"wp","href":"https:\/\/api.w.org\/{rel}","templated":true}]}}