{"id":17158,"date":"2016-10-26T17:47:40","date_gmt":"2016-10-26T22:47:40","guid":{"rendered":"http:\/\/www.revistazetta.com\/?p=17158"},"modified":"2016-10-26T17:48:50","modified_gmt":"2016-10-26T22:48:50","slug":"asamblea-departamental-abre-convocatoria-secretario-2017","status":"publish","type":"post","link":"https:\/\/revistazetta.com\/?p=17158","title":{"rendered":"Asamblea Departamental abre convocatoria para secretario 2017"},"content":{"rendered":"<p>Asamblea Departamental de Bol\u00edvar abre la convocatoria para las personas interesadas en participar en el proceso de selecci\u00f3n y elecci\u00f3n para proveer el cargo de secretario (a) general de la duma para el periodo comprendido entre el 1 de enero y 31 de diciembre de 2017.<\/p>\n<p>El proceso iniciar\u00e1 el d\u00eda 27 de octubre y finalizar\u00e1 el pr\u00f3ximo 29 de noviembre con la elecci\u00f3n del aspirante que haya cumplido los requisitos para proveer el cargo.<\/p>\n<p>Durante el proceso los aspirantes se someter\u00e1n a la verificaci\u00f3n de sus hojas de vida, realizaran una prueba de conocimientos y  tendr\u00e1n una entrevista con la mesa directiva de la corporaci\u00f3n.<\/p>\n<p>Quienes deseen aspirar a este cargo deben ser ciudadanos colombianos en ejercicio, tener m\u00e1s de 25 a\u00f1os de edad, acreditar t\u00edtulo universitario y haber ejercido funciones p\u00fablicas por un periodo no inferior a un a\u00f1o.<\/p>\n<p>Los aspirantes pueden consultar la resoluci\u00f3n en la p\u00e1gina web <a href=\"https:\/\/www.asambleadebolivar.gov.co\" target=\"_blank\" rel=\"noopener\">www.asambleadebolivar.gov.co<\/a> y en la oficina de coordinaci\u00f3n administrativa de la Asamblea ubicada en el centro calle Gastelbondo No. 2-39.<\/p>\n","protected":false},"excerpt":{"rendered":"<p>Asamblea Departamental de Bol\u00edvar abre la convocatoria para las personas interesadas en participar en el proceso de selecci\u00f3n y elecci\u00f3n para proveer el cargo de secretario (a) general de la duma para el periodo comprendido entre el 1 de enero y 31 de diciembre de 2017. El proceso iniciar\u00e1 el d\u00eda 27 de octubre y finalizar\u00e1 el pr\u00f3ximo 29 de noviembre con la elecci\u00f3n del aspirante que haya cumplido los requisitos para proveer el cargo. Durante el proceso los aspirantes se someter\u00e1n a la verificaci\u00f3n de sus hojas de vida,&#8230; <\/p>\n","protected":false},"author":3,"featured_media":0,"comment_status":"open","ping_status":"closed","sticky":false,"template":"","format":"standard","meta":{"footnotes":"","_links_to":"","_links_to_target":""},"categories":[28],"tags":[],"class_list":["post-17158","post","type-post","status-publish","format-standard","hentry","category-politica-asamblea"],"_links":{"self":[{"href":"https:\/\/revistazetta.com\/index.php?rest_route=\/wp\/v2\/posts\/17158","targetHints":{"allow":["GET"]}}],"collection":[{"href":"https:\/\/revistazetta.com\/index.php?rest_route=\/wp\/v2\/posts"}],"about":[{"href":"https:\/\/revistazetta.com\/index.php?rest_route=\/wp\/v2\/types\/post"}],"author":[{"embeddable":true,"href":"https:\/\/revistazetta.com\/index.php?rest_route=\/wp\/v2\/users\/3"}],"replies":[{"embeddable":true,"href":"https:\/\/revistazetta.com\/index.php?rest_route=%2Fwp%2Fv2%2Fcomments&post=17158"}],"version-history":[{"count":0,"href":"https:\/\/revistazetta.com\/index.php?rest_route=\/wp\/v2\/posts\/17158\/revisions"}],"wp:attachment":[{"href":"https:\/\/revistazetta.com\/index.php?rest_route=%2Fwp%2Fv2%2Fmedia&parent=17158"}],"wp:term":[{"taxonomy":"category","embeddable":true,"href":"https:\/\/revistazetta.com\/index.php?rest_route=%2Fwp%2Fv2%2Fcategories&post=17158"},{"taxonomy":"post_tag","embeddable":true,"href":"https:\/\/revistazetta.com\/index.php?rest_route=%2Fwp%2Fv2%2Ftags&post=17158"}],"curies":[{"name":"wp","href":"https:\/\/api.w.org\/{rel}","templated":true}]}}