{"id":17315,"date":"2016-11-05T06:45:11","date_gmt":"2016-11-05T11:45:11","guid":{"rendered":"http:\/\/www.revistazetta.com\/?p=17315"},"modified":"2016-11-05T06:45:11","modified_gmt":"2016-11-05T11:45:11","slug":"color-alegria-cabildo-la-escuela-normal-del-caribe","status":"publish","type":"post","link":"https:\/\/revistazetta.com\/?p=17315","title":{"rendered":"Color y alegr\u00eda en el Cabildo de la Escuela Normal del Caribe"},"content":{"rendered":"<p>El tradicional Cabildo de la Escuela Normal Superior del Caribe, se realiz\u00f3 en su versi\u00f3n n\u00famero 22 en las calles del centro amurallado de Cartagena. Personas se aglutinaron en las calles para apreciar el colorido desfile que paraliz\u00f3 el comercio de la Calle de la Moneda.<\/p>\n<p>Este evento se conjuga en un proceso educativo, donde los estudiantes aprenden por qu\u00e9 se baila y qu\u00e9 significado tiene cada danza que se ejecuta durante el desfile que es considerado el inicio de las Fiestas de la Independencia.<br \/>\n<img loading=\"lazy\" decoding=\"async\" src=\"https:\/\/www.revistazetta.com\/wp-content\/uploads\/2016\/11\/cabildo-ENS1-300x187.jpg\" alt=\"cabildo-ens1\" width=\"300\" height=\"187\" class=\"alignright size-medium wp-image-17317\" srcset=\"https:\/\/revistazetta.com\/wp-content\/uploads\/2016\/11\/cabildo-ENS1-300x187.jpg 300w, https:\/\/revistazetta.com\/wp-content\/uploads\/2016\/11\/cabildo-ENS1-234x146.jpg 234w, https:\/\/revistazetta.com\/wp-content\/uploads\/2016\/11\/cabildo-ENS1-50x31.jpg 50w, https:\/\/revistazetta.com\/wp-content\/uploads\/2016\/11\/cabildo-ENS1-120x75.jpg 120w, https:\/\/revistazetta.com\/wp-content\/uploads\/2016\/11\/cabildo-ENS1.jpg 570w\" sizes=\"auto, (max-width: 300px) 100vw, 300px\" \/><\/p>\n<p><img loading=\"lazy\" decoding=\"async\" src=\"https:\/\/www.revistazetta.com\/wp-content\/uploads\/2016\/11\/cabildo-ENS2-300x187.jpg\" alt=\"cabildo-ens2\" width=\"300\" height=\"187\" class=\"alignright size-medium wp-image-17318\" srcset=\"https:\/\/revistazetta.com\/wp-content\/uploads\/2016\/11\/cabildo-ENS2-300x187.jpg 300w, https:\/\/revistazetta.com\/wp-content\/uploads\/2016\/11\/cabildo-ENS2-234x146.jpg 234w, https:\/\/revistazetta.com\/wp-content\/uploads\/2016\/11\/cabildo-ENS2-50x31.jpg 50w, https:\/\/revistazetta.com\/wp-content\/uploads\/2016\/11\/cabildo-ENS2-120x75.jpg 120w, https:\/\/revistazetta.com\/wp-content\/uploads\/2016\/11\/cabildo-ENS2.jpg 570w\" sizes=\"auto, (max-width: 300px) 100vw, 300px\" \/><br \/>\n\u201cEste no es un proceso espont\u00e1neo, lo que vimos hoy obedece a un proyecto cultural denominado \u2018Proyecto Cultural Cabildo de la Escuela Normal Superior del Caribe\u2019, una pr\u00e1ctica de hace m\u00e1s de 20 a\u00f1os, en la que se busca rescatar y mantener las tradiciones, adem\u00e1s de instaurar la memoria hist\u00f3rica de las tradiciones culturales en el Caribe colombiano\u201d, puntualiz\u00f3 Luis Eduardo P\u00e9rez, docente de la Escuela Normal Superior.<\/p>\n<p>Empleados administrativos, padres de familia y docentes pusieron todo el empe\u00f1o en la producci\u00f3n de los disfraces y el maquillaje de los estudiantes que participaron en las comparsas.<\/p>\n<p>La delegaci\u00f3n de docentes del ciclo complementario de la Escuela Normal, particip\u00f3 con un peculiar desfile llamado \u2018Alzados en Almas\u2019. \u201cTratamos de representar a trav\u00e9s del arte dram\u00e1tico, tres momentos del conflicto armado en Colombia y la posibilidad de soluci\u00f3n: la g\u00e9nesis, las transiciones, y el post acuerdo. Momentos que tuvieron una previa investigaci\u00f3n sociol\u00f3gica, para poder ser representados simb\u00f3licamente\u201d, dijo el docente de la Escuela Normal, Luis Eduardo P\u00e9rez.<\/p>\n<p>Las comparsas integradas por ni\u00f1os de todas las edades iban acompa\u00f1adas de agrupaciones musicales aut\u00f3ctonas, y otras por la banda marcial institucional que marc\u00f3 el comp\u00e1s de las danzas tradicionales.<\/p>\n<p>El desfile culmin\u00f3 en la Plaza de la Paz, donde se reunieron todas las delegaciones para cerrar la actividad.<br \/>\n\u201cHace cuatro a\u00f1os vengo a participar del desfile, porque mis nietos estudian en la Escuela Normal, me parece hermoso este deesfile, de verdad que la Alcald\u00eda de Cartagena y la Normal Superior se las lucen este evento\u201d, dijo a su turno Mauricia Herrera Camacho.<\/p>\n","protected":false},"excerpt":{"rendered":"<p>El tradicional Cabildo de la Escuela Normal Superior del Caribe, se realiz\u00f3 en su versi\u00f3n n\u00famero 22 en las calles del centro amurallado de Cartagena. Personas se aglutinaron en las calles para apreciar el colorido desfile que paraliz\u00f3 el comercio de la Calle de la Moneda. Este evento se conjuga en un proceso educativo, donde los estudiantes aprenden por qu\u00e9 se baila y qu\u00e9 significado tiene cada danza que se ejecuta durante el desfile que es considerado el inicio de las Fiestas de la Independencia. \u201cEste no es un proceso&#8230; <\/p>\n","protected":false},"author":3,"featured_media":17316,"comment_status":"open","ping_status":"closed","sticky":false,"template":"","format":"standard","meta":{"footnotes":"","_links_to":"","_links_to_target":""},"categories":[41],"tags":[],"class_list":["post-17315","post","type-post","status-publish","format-standard","has-post-thumbnail","hentry","category-cultura"],"_links":{"self":[{"href":"https:\/\/revistazetta.com\/index.php?rest_route=\/wp\/v2\/posts\/17315","targetHints":{"allow":["GET"]}}],"collection":[{"href":"https:\/\/revistazetta.com\/index.php?rest_route=\/wp\/v2\/posts"}],"about":[{"href":"https:\/\/revistazetta.com\/index.php?rest_route=\/wp\/v2\/types\/post"}],"author":[{"embeddable":true,"href":"https:\/\/revistazetta.com\/index.php?rest_route=\/wp\/v2\/users\/3"}],"replies":[{"embeddable":true,"href":"https:\/\/revistazetta.com\/index.php?rest_route=%2Fwp%2Fv2%2Fcomments&post=17315"}],"version-history":[{"count":0,"href":"https:\/\/revistazetta.com\/index.php?rest_route=\/wp\/v2\/posts\/17315\/revisions"}],"wp:featuredmedia":[{"embeddable":true,"href":"https:\/\/revistazetta.com\/index.php?rest_route=\/wp\/v2\/media\/17316"}],"wp:attachment":[{"href":"https:\/\/revistazetta.com\/index.php?rest_route=%2Fwp%2Fv2%2Fmedia&parent=17315"}],"wp:term":[{"taxonomy":"category","embeddable":true,"href":"https:\/\/revistazetta.com\/index.php?rest_route=%2Fwp%2Fv2%2Fcategories&post=17315"},{"taxonomy":"post_tag","embeddable":true,"href":"https:\/\/revistazetta.com\/index.php?rest_route=%2Fwp%2Fv2%2Ftags&post=17315"}],"curies":[{"name":"wp","href":"https:\/\/api.w.org\/{rel}","templated":true}]}}