{"id":17322,"date":"2016-11-05T06:55:00","date_gmt":"2016-11-05T11:55:00","guid":{"rendered":"http:\/\/www.revistazetta.com\/?p=17322"},"modified":"2016-11-05T06:55:00","modified_gmt":"2016-11-05T11:55:00","slug":"se-amplia-jornada-gratuita-identificacion-9-diciembre","status":"publish","type":"post","link":"https:\/\/revistazetta.com\/?p=17322","title":{"rendered":"Se ampl\u00eda Jornada Gratuita de Identificaci\u00f3n hasta el 9 de diciembre"},"content":{"rendered":"<p>Con 14.091 documentos de identidad expedidos, termin\u00f3 la Jornada Gratuita de Identificaci\u00f3n  realizada por la Alcald\u00eda de Cartagena a trav\u00e9s del Plan de Emergencia Social Pedro Romero (PES-PR) y la Registradur\u00eda Nacional del Estado Civil en Cartagena y sus corregimientos durante 70 d\u00edas.<\/p>\n<p>Javier Lora Jim\u00e9nez director del PES-PR anunci\u00f3 que debido al \u00e9xito de la Jornada y a la demanda de la misma entre las comunidades en situaci\u00f3n de extrema pobreza o vulnerable, el Alcalde de Cartagena, Manolo Duque, solicit\u00f3 que \u00e9sta se ampliara 19 d\u00edas m\u00e1s, desde el lunes 21 de noviembre hasta el viernes 9 de diciembre.<br \/>\n<img loading=\"lazy\" decoding=\"async\" src=\"https:\/\/www.revistazetta.com\/wp-content\/uploads\/2016\/11\/JIG-300x187.jpg\" alt=\"jig\" width=\"300\" height=\"187\" class=\"alignright size-medium wp-image-17323\" srcset=\"https:\/\/revistazetta.com\/wp-content\/uploads\/2016\/11\/JIG-300x187.jpg 300w, https:\/\/revistazetta.com\/wp-content\/uploads\/2016\/11\/JIG-234x146.jpg 234w, https:\/\/revistazetta.com\/wp-content\/uploads\/2016\/11\/JIG-50x31.jpg 50w, https:\/\/revistazetta.com\/wp-content\/uploads\/2016\/11\/JIG-120x75.jpg 120w, https:\/\/revistazetta.com\/wp-content\/uploads\/2016\/11\/JIG.jpg 570w\" sizes=\"auto, (max-width: 300px) 100vw, 300px\" \/><\/p>\n<p><img loading=\"lazy\" decoding=\"async\" src=\"https:\/\/www.revistazetta.com\/wp-content\/uploads\/2016\/11\/JIG2-300x187.jpg\" alt=\"jig2\" width=\"300\" height=\"187\" class=\"alignright size-medium wp-image-17325\" srcset=\"https:\/\/revistazetta.com\/wp-content\/uploads\/2016\/11\/JIG2-300x187.jpg 300w, https:\/\/revistazetta.com\/wp-content\/uploads\/2016\/11\/JIG2-234x146.jpg 234w, https:\/\/revistazetta.com\/wp-content\/uploads\/2016\/11\/JIG2-50x31.jpg 50w, https:\/\/revistazetta.com\/wp-content\/uploads\/2016\/11\/JIG2-120x75.jpg 120w, https:\/\/revistazetta.com\/wp-content\/uploads\/2016\/11\/JIG2.jpg 570w\" sizes=\"auto, (max-width: 300px) 100vw, 300px\" \/><br \/>\nExplic\u00f3 Lora Jim\u00e9nez que en los 70 d\u00edas de jornada realizada en 67 barrios y 7 corregimientos de las tres localidades del Distrito entre el 16 de agosto y el 1 de noviembre  se expidieron 235 Registros Civil,   942 C\u00e9dulas de Ciudadan\u00edas, 4.987 duplicados, 34 renovaciones y 2 rectificaciones. Mientras que Tarjetas de Identidad se expidieron 4.905 por primera vez, 2.270 renovaci\u00f3n y 733 duplicados de este documento, durante los 70 d\u00edas  de jornada realizada del 16 de agosto al 1 de noviembre, llegando a 67 barrios y siete corregimientos de Cartagena.<\/p>\n<p>Asegur\u00f3 el director del PES-PR, que esta campa\u00f1a de identificaci\u00f3n gratuita, no s\u00f3lo fue de gran impacto social para las familias y personas beneficiadas con la campa\u00f1a, debido a que el documento de identidad es la puerta de acceso a toda la oferta social que el Estado tiene para la poblaci\u00f3n vulnerable, v\u00edctima del conflicto o en situaci\u00f3n de pobreza extrema, sino que adem\u00e1s signific\u00f3 un ahorro para ellos ya que no debieron invertir por ejemplo en el caso de los duplicados los $39.900 que cuesta tramitarlo, el costo de la foto para c\u00e9dula, el tipo de sangre y el traslado hasta las instalaciones de la Registradur\u00eda, porque todos estos costos los asumi\u00f3 el Distrito.<\/p>\n<p>Anunci\u00f3 el funcionario que en los veinte d\u00edas adicionales de Jornada Gratuita de Identificaci\u00f3n que articula el PES-PR con la Registradur\u00eda Nacional se estar\u00e1 llegando nuevamente a los corregimientos y sectores de la ciudad donde se encuentra focalizada la poblaci\u00f3n en extrema pobreza con los servicios de expedici\u00f3n de Registro Civil, Tarjeta de Identidad y C\u00e9dula de Ciudadan\u00eda nueva y duplicados. Adem\u00e1s de facilitar servicios adicionales como la toma de fotograf\u00edas y la certificaci\u00f3n del grupo sangu\u00edneo.<\/p>\n","protected":false},"excerpt":{"rendered":"<p>Con 14.091 documentos de identidad expedidos, termin\u00f3 la Jornada Gratuita de Identificaci\u00f3n realizada por la Alcald\u00eda de Cartagena a trav\u00e9s del Plan de Emergencia Social Pedro Romero (PES-PR) y la Registradur\u00eda Nacional del Estado Civil en Cartagena y sus corregimientos durante 70 d\u00edas. Javier Lora Jim\u00e9nez director del PES-PR anunci\u00f3 que debido al \u00e9xito de la Jornada y a la demanda de la misma entre las comunidades en situaci\u00f3n de extrema pobreza o vulnerable, el Alcalde de Cartagena, Manolo Duque, solicit\u00f3 que \u00e9sta se ampliara 19 d\u00edas m\u00e1s, desde el&#8230; <\/p>\n","protected":false},"author":3,"featured_media":17324,"comment_status":"open","ping_status":"closed","sticky":false,"template":"","format":"standard","meta":{"footnotes":"","_links_to":"","_links_to_target":""},"categories":[32],"tags":[],"class_list":["post-17322","post","type-post","status-publish","format-standard","has-post-thumbnail","hentry","category-actualidad-distrito"],"_links":{"self":[{"href":"https:\/\/revistazetta.com\/index.php?rest_route=\/wp\/v2\/posts\/17322","targetHints":{"allow":["GET"]}}],"collection":[{"href":"https:\/\/revistazetta.com\/index.php?rest_route=\/wp\/v2\/posts"}],"about":[{"href":"https:\/\/revistazetta.com\/index.php?rest_route=\/wp\/v2\/types\/post"}],"author":[{"embeddable":true,"href":"https:\/\/revistazetta.com\/index.php?rest_route=\/wp\/v2\/users\/3"}],"replies":[{"embeddable":true,"href":"https:\/\/revistazetta.com\/index.php?rest_route=%2Fwp%2Fv2%2Fcomments&post=17322"}],"version-history":[{"count":0,"href":"https:\/\/revistazetta.com\/index.php?rest_route=\/wp\/v2\/posts\/17322\/revisions"}],"wp:featuredmedia":[{"embeddable":true,"href":"https:\/\/revistazetta.com\/index.php?rest_route=\/wp\/v2\/media\/17324"}],"wp:attachment":[{"href":"https:\/\/revistazetta.com\/index.php?rest_route=%2Fwp%2Fv2%2Fmedia&parent=17322"}],"wp:term":[{"taxonomy":"category","embeddable":true,"href":"https:\/\/revistazetta.com\/index.php?rest_route=%2Fwp%2Fv2%2Fcategories&post=17322"},{"taxonomy":"post_tag","embeddable":true,"href":"https:\/\/revistazetta.com\/index.php?rest_route=%2Fwp%2Fv2%2Ftags&post=17322"}],"curies":[{"name":"wp","href":"https:\/\/api.w.org\/{rel}","templated":true}]}}