{"id":17326,"date":"2016-11-05T06:59:52","date_gmt":"2016-11-05T11:59:52","guid":{"rendered":"http:\/\/www.revistazetta.com\/?p=17326"},"modified":"2016-11-05T06:59:52","modified_gmt":"2016-11-05T11:59:52","slug":"distrito-realizo-primera-pasarela-juvenil-cartagena","status":"publish","type":"post","link":"https:\/\/revistazetta.com\/?p=17326","title":{"rendered":"Distrito realiz\u00f3 Primera Pasarela Juvenil en Cartagena"},"content":{"rendered":"<p>Con cinco muestras de modelaje que enaltecieron el colorido de las fiestas de la independencia y la belleza afro, se llev\u00f3 a cabo en la Universidad del Sin\u00fa, la primera Pasarela Juvenil en la ciudad, organizada por la Secretar\u00eda de Participaci\u00f3n y Desarrollo Social de la Alcald\u00eda Mayor de Cartagena.<\/p>\n<p>En presencia de la primera dama del Distrito, Viviana S\u00e1nchez Blanco  y la secretaria de Participaci\u00f3n y Desarrollo Social, Mar\u00eda Elvira M\u00e1rquez Faciolince se promovi\u00f3 el talento juvenil para el modelaje y la participaci\u00f3n de este sector poblacional en eventos de sano esparcimiento.<\/p>\n<p>\u201cPromover espacios donde los j\u00f3venes puedan visibilizar su talento y sus diferentes destrezas, es un pilar del gobierno de Primero la Gente y seguiremos apoyando este tipo de actividades porque sabemos de lo positivo que es para nuestra juventud\u201d, asegur\u00f3 la Primera Dama.<\/p>\n<p>Desde la Unidad de Infancia, Juventud y Familia se organiz\u00f3 esta actividad que busca impactar positivamente en los j\u00f3venes y que se realizar\u00e1 de manera peri\u00f3dica durante todo el a\u00f1o.<br \/>\n\u201cNuestra administraci\u00f3n en cabeza del alcalde Manolo Duque quiere presentarle a la ciudan\u00eda cartagenera un escenario donde diferentes muestras del modelaje nos demuestran por qu\u00e9 hay que apostarle a la juventud\u201d, asegur\u00f3 M\u00e1rquez Faciolince.<\/p>\n<p>Con modelos de El Poz\u00f3n, los cinco finalistas del Mister Afro Cartagena, la Pasarela de la Diversidad y las 15 aspirantes al Reinado Juvenil de la Independencia se engalan\u00f3 este espacio que cont\u00f3 con m\u00e1s de 300 j\u00f3venes de diversas instituciones educativas del Distrito.<\/p>\n","protected":false},"excerpt":{"rendered":"<p>Con cinco muestras de modelaje que enaltecieron el colorido de las fiestas de la independencia y la belleza afro, se llev\u00f3 a cabo en la Universidad del Sin\u00fa, la primera Pasarela Juvenil en la ciudad, organizada por la Secretar\u00eda de Participaci\u00f3n y Desarrollo Social de la Alcald\u00eda Mayor de Cartagena. En presencia de la primera dama del Distrito, Viviana S\u00e1nchez Blanco y la secretaria de Participaci\u00f3n y Desarrollo Social, Mar\u00eda Elvira M\u00e1rquez Faciolince se promovi\u00f3 el talento juvenil para el modelaje y la participaci\u00f3n de este sector poblacional en eventos&#8230; <\/p>\n","protected":false},"author":3,"featured_media":17328,"comment_status":"open","ping_status":"closed","sticky":false,"template":"","format":"standard","meta":{"footnotes":"","_links_to":"","_links_to_target":""},"categories":[32],"tags":[],"class_list":["post-17326","post","type-post","status-publish","format-standard","has-post-thumbnail","hentry","category-actualidad-distrito"],"_links":{"self":[{"href":"https:\/\/revistazetta.com\/index.php?rest_route=\/wp\/v2\/posts\/17326","targetHints":{"allow":["GET"]}}],"collection":[{"href":"https:\/\/revistazetta.com\/index.php?rest_route=\/wp\/v2\/posts"}],"about":[{"href":"https:\/\/revistazetta.com\/index.php?rest_route=\/wp\/v2\/types\/post"}],"author":[{"embeddable":true,"href":"https:\/\/revistazetta.com\/index.php?rest_route=\/wp\/v2\/users\/3"}],"replies":[{"embeddable":true,"href":"https:\/\/revistazetta.com\/index.php?rest_route=%2Fwp%2Fv2%2Fcomments&post=17326"}],"version-history":[{"count":0,"href":"https:\/\/revistazetta.com\/index.php?rest_route=\/wp\/v2\/posts\/17326\/revisions"}],"wp:featuredmedia":[{"embeddable":true,"href":"https:\/\/revistazetta.com\/index.php?rest_route=\/wp\/v2\/media\/17328"}],"wp:attachment":[{"href":"https:\/\/revistazetta.com\/index.php?rest_route=%2Fwp%2Fv2%2Fmedia&parent=17326"}],"wp:term":[{"taxonomy":"category","embeddable":true,"href":"https:\/\/revistazetta.com\/index.php?rest_route=%2Fwp%2Fv2%2Fcategories&post=17326"},{"taxonomy":"post_tag","embeddable":true,"href":"https:\/\/revistazetta.com\/index.php?rest_route=%2Fwp%2Fv2%2Ftags&post=17326"}],"curies":[{"name":"wp","href":"https:\/\/api.w.org\/{rel}","templated":true}]}}