{"id":17331,"date":"2016-11-06T06:32:49","date_gmt":"2016-11-06T11:32:49","guid":{"rendered":"http:\/\/www.revistazetta.com\/?p=17331"},"modified":"2016-11-06T06:32:49","modified_gmt":"2016-11-06T11:32:49","slug":"concejo-reconocimiento-la-vida-argemiro-bermudez","status":"publish","type":"post","link":"https:\/\/revistazetta.com\/?p=17331","title":{"rendered":"Concejo hace reconocimiento a la vida de Argemiro Berm\u00fadez"},"content":{"rendered":"<p>El concejal Antonio Salim Guerra present\u00f3 ante la plenaria un proyecto de Acuerdo por medio del cual se hace reconocimiento a la vida de un ciudadano y lo destaca como ejemplo para las generaciones futuras de la ciudad de Cartagena y se ordena denominar a la Villa Olimpica de la ciudad con su nombre\u201d, refiri\u00e9ndose al doctor Argemiro Berm\u00fadez Villladiego, destacado ciudadano como estudiante, catedr\u00e1tico universitario, dirigente empresarial, pol\u00edtico y deportivo.<\/p>\n<p>El proyecto acuerdo en sus art\u00edculos propone declararlo hijo ilustre y ciudadano ejemplar. Condecorarlo con la m\u00e1xima distinci\u00f3n del Concejo de Cartagena y que a partir de la sanci\u00f3n del acuerdo la villa ol\u00edmpica (sector estadios) se denominar\u00e1 Villa Olimpica Argemiro Bermudez Villadiego en honor a este ilustre ciudadano, quien fuera concejal por varios periodos, presidente de la corporaci\u00f3n, formador de l\u00edderes y dirigentes pol\u00edticos, culturales y deportivos de la ciudad y del pa\u00eds.<\/p>\n<p>El concejal  Am\u00e9rico Mendoza de la bancada ASI acot\u00f3 que es m\u00e1s que merecida esta distinci\u00f3n, pero ya la Villa Olimpica tiene nombre y el cambio ser\u00eda de resorte del Gobierno Distrital y que entonces el proyecto de acuerdo en ese sentido debe ser presentado por la administraci\u00f3n.<\/p>\n<p>Los cabildantes se refirieron de manera un\u00e1nime a las excelsas cualidades del doctor Argemiro Bermudez quien atraviesa cr\u00edticas dificultades de salud. Se conformar\u00e1 una comisi\u00f3n para hacer los ajustes pertinentes a este proyecto de acuerdo.<\/p>\n","protected":false},"excerpt":{"rendered":"<p>El concejal Antonio Salim Guerra present\u00f3 ante la plenaria un proyecto de Acuerdo por medio del cual se hace reconocimiento a la vida de un ciudadano y lo destaca como ejemplo para las generaciones futuras de la ciudad de Cartagena y se ordena denominar a la Villa Olimpica de la ciudad con su nombre\u201d, refiri\u00e9ndose al doctor Argemiro Berm\u00fadez Villladiego, destacado ciudadano como estudiante, catedr\u00e1tico universitario, dirigente empresarial, pol\u00edtico y deportivo. El proyecto acuerdo en sus art\u00edculos propone declararlo hijo ilustre y ciudadano ejemplar. Condecorarlo con la m\u00e1xima distinci\u00f3n del&#8230; <\/p>\n","protected":false},"author":3,"featured_media":17332,"comment_status":"open","ping_status":"closed","sticky":false,"template":"","format":"standard","meta":{"footnotes":"","_links_to":"","_links_to_target":""},"categories":[27],"tags":[],"class_list":["post-17331","post","type-post","status-publish","format-standard","has-post-thumbnail","hentry","category-politicaconcejo"],"_links":{"self":[{"href":"https:\/\/revistazetta.com\/index.php?rest_route=\/wp\/v2\/posts\/17331","targetHints":{"allow":["GET"]}}],"collection":[{"href":"https:\/\/revistazetta.com\/index.php?rest_route=\/wp\/v2\/posts"}],"about":[{"href":"https:\/\/revistazetta.com\/index.php?rest_route=\/wp\/v2\/types\/post"}],"author":[{"embeddable":true,"href":"https:\/\/revistazetta.com\/index.php?rest_route=\/wp\/v2\/users\/3"}],"replies":[{"embeddable":true,"href":"https:\/\/revistazetta.com\/index.php?rest_route=%2Fwp%2Fv2%2Fcomments&post=17331"}],"version-history":[{"count":0,"href":"https:\/\/revistazetta.com\/index.php?rest_route=\/wp\/v2\/posts\/17331\/revisions"}],"wp:featuredmedia":[{"embeddable":true,"href":"https:\/\/revistazetta.com\/index.php?rest_route=\/wp\/v2\/media\/17332"}],"wp:attachment":[{"href":"https:\/\/revistazetta.com\/index.php?rest_route=%2Fwp%2Fv2%2Fmedia&parent=17331"}],"wp:term":[{"taxonomy":"category","embeddable":true,"href":"https:\/\/revistazetta.com\/index.php?rest_route=%2Fwp%2Fv2%2Fcategories&post=17331"},{"taxonomy":"post_tag","embeddable":true,"href":"https:\/\/revistazetta.com\/index.php?rest_route=%2Fwp%2Fv2%2Ftags&post=17331"}],"curies":[{"name":"wp","href":"https:\/\/api.w.org\/{rel}","templated":true}]}}