{"id":17337,"date":"2016-11-07T08:04:41","date_gmt":"2016-11-07T13:04:41","guid":{"rendered":"http:\/\/www.revistazetta.com\/?p=17337"},"modified":"2016-11-07T08:04:41","modified_gmt":"2016-11-07T13:04:41","slug":"preocupan-los-resultados-bolivar-boxeo-nacional","status":"publish","type":"post","link":"https:\/\/revistazetta.com\/?p=17337","title":{"rendered":"Preocupan los resultados de Bol\u00edvar en el boxeo nacional"},"content":{"rendered":"<p>Preocupado se mostr\u00f3 el concejal Rafael Meza en la sesi\u00f3n del Concejo por los resultados que se est\u00e1n generando en el  boxeo de Bol\u00edvar. El cabildante manifest\u00f3  que este se encuentra en retroceso  en el concierto nacional de la disciplina en la categor\u00eda Mayores. <\/p>\n<p>Meza, de la bancada Conservadora, se refiri\u00f3 al reciente campeonato nacional de Mayores efectuado en Barranquilla, donde Bol\u00edvar ocup\u00f3 el sexto lugar por debajo de los seleccionados de Fuerzas Armadas, Antioquia, Bogota, Atl\u00e1ntico y Boyac\u00e1.<\/p>\n<p>El aspecto m\u00e1s preocupante, asegura, es que se est\u00e1 dando el \u00e9xodo de los deportistas, que a falta de buenas oportunidades en su tierra, s e van a a representar a otras ciudades y departamentos.<\/p>\n<p> \u00abLo peor no es s\u00f3lo ocupar el sexto lugar en una disciplina en la que Bol\u00edvar reinaba anteriormente, sino que vimos en acci\u00f3n a tres peleadores oriundos de esta tierra representando a otros departamentos, inclusive la mejor pelea de la final enfrent\u00f3 a dos bolivarenses Bryan Pacheco, cartagenero de la Boquilla y Lacides Caseres de Palenque, representando a Boyac\u00e1 y FFAA. Esto es un tema que debemos mirar con profundidad en el debate sobre deportes por el \u00e9xodo de nuestros mejores deportistas si queremos tener una gran figuraci\u00f3n en los pr\u00f3ximos juegos nacionales de Bol\u00edvar 2019\u00bb.<\/p>\n","protected":false},"excerpt":{"rendered":"<p>Preocupado se mostr\u00f3 el concejal Rafael Meza en la sesi\u00f3n del Concejo por los resultados que se est\u00e1n generando en el boxeo de Bol\u00edvar. El cabildante manifest\u00f3 que este se encuentra en retroceso en el concierto nacional de la disciplina en la categor\u00eda Mayores. Meza, de la bancada Conservadora, se refiri\u00f3 al reciente campeonato nacional de Mayores efectuado en Barranquilla, donde Bol\u00edvar ocup\u00f3 el sexto lugar por debajo de los seleccionados de Fuerzas Armadas, Antioquia, Bogota, Atl\u00e1ntico y Boyac\u00e1. El aspecto m\u00e1s preocupante, asegura, es que se est\u00e1 dando el&#8230; <\/p>\n","protected":false},"author":3,"featured_media":17338,"comment_status":"open","ping_status":"closed","sticky":false,"template":"","format":"standard","meta":{"footnotes":"","_links_to":"","_links_to_target":""},"categories":[53,27,75],"tags":[],"class_list":["post-17337","post","type-post","status-publish","format-standard","has-post-thumbnail","hentry","category-deportes","category-politicaconcejo","category-destacada"],"_links":{"self":[{"href":"https:\/\/revistazetta.com\/index.php?rest_route=\/wp\/v2\/posts\/17337","targetHints":{"allow":["GET"]}}],"collection":[{"href":"https:\/\/revistazetta.com\/index.php?rest_route=\/wp\/v2\/posts"}],"about":[{"href":"https:\/\/revistazetta.com\/index.php?rest_route=\/wp\/v2\/types\/post"}],"author":[{"embeddable":true,"href":"https:\/\/revistazetta.com\/index.php?rest_route=\/wp\/v2\/users\/3"}],"replies":[{"embeddable":true,"href":"https:\/\/revistazetta.com\/index.php?rest_route=%2Fwp%2Fv2%2Fcomments&post=17337"}],"version-history":[{"count":0,"href":"https:\/\/revistazetta.com\/index.php?rest_route=\/wp\/v2\/posts\/17337\/revisions"}],"wp:featuredmedia":[{"embeddable":true,"href":"https:\/\/revistazetta.com\/index.php?rest_route=\/wp\/v2\/media\/17338"}],"wp:attachment":[{"href":"https:\/\/revistazetta.com\/index.php?rest_route=%2Fwp%2Fv2%2Fmedia&parent=17337"}],"wp:term":[{"taxonomy":"category","embeddable":true,"href":"https:\/\/revistazetta.com\/index.php?rest_route=%2Fwp%2Fv2%2Fcategories&post=17337"},{"taxonomy":"post_tag","embeddable":true,"href":"https:\/\/revistazetta.com\/index.php?rest_route=%2Fwp%2Fv2%2Ftags&post=17337"}],"curies":[{"name":"wp","href":"https:\/\/api.w.org\/{rel}","templated":true}]}}