{"id":17547,"date":"2016-11-17T23:38:03","date_gmt":"2016-11-18T04:38:03","guid":{"rendered":"http:\/\/www.revistazetta.com\/?p=17547"},"modified":"2016-11-17T23:38:03","modified_gmt":"2016-11-18T04:38:03","slug":"policia-rescata-juez-extranjero-secuestrado-delincuencia-comun-cartagena","status":"publish","type":"post","link":"https:\/\/revistazetta.com\/?p=17547","title":{"rendered":"Polic\u00eda rescata a juez extranjero secuestrado por delincuencia com\u00fan en Cartagena"},"content":{"rendered":"<p>Con la reacci\u00f3n y las acciones adelantadas por las autoridades en Cartagena, se dio la   liberaci\u00f3n de un juez extranjero, que fue secuestrado el pasado viernes 11 de noviembre en un barrio de esta ciudad.<\/p>\n<p>El alcalde Duque dijo que tan pronto se supo esta lamentable noticia, las autoridades encabezadas por la Polic\u00eda Metropolitana y la Fiscal\u00eda trabajaron para poder lograr la liberaci\u00f3n del juez Benny Osorio Mej\u00eda, quien se encontraba de vacaciones en Colombia.<\/p>\n<p>Sostuvo que se activ\u00f3 una operaci\u00f3n liderada por la Direcci\u00f3n Nacional de Seccionales y Seguridad Ciudadana y el Gaula de la Polic\u00eda Nacional que permiti\u00f3 el rescate del juez en una vivienda del barrio Daniel Lemaitre, donde lo manten\u00eda cautivo un grupo de delincuencia com\u00fan.<\/p>\n<p>El secretario del Interior, Fernando ni\u00f1o Mendoza, se\u00f1al\u00f3 que en el operativo fueron capturadas cuatro personas (dos en Barranquilla y dos en Cartagena), que eran las encargadas de vigilar en cautiverio al juez y hacer las negociaciones con los familiares del retenido. \u201cA estas personas les encontraron un arma blanca y unos documentos, que son pieza clave en la investigaci\u00f3n que se adelanta\u201d, sostuvo el funcionario.<\/p>\n<p>Ni\u00f1o Mendoza dijo que por la liberaci\u00f3n del juez, los plagiarios exig\u00edan 33 mil d\u00f3lares, equivalentes a 103 millones de pesos colombianos.<\/p>\n<p>\u201cPor orden de la administraci\u00f3n distrital, todas las autoridades, Polic\u00eda y Fiscal\u00eda, trabajan a diario para combatir la delincuencia en la ciudad. Esta operaci\u00f3n positiva es resultado del accionar conjunto de las autoridades\u201d, explic\u00f3 el secretario del Interior y Convivencia Ciudadana de Cartagena.<\/p>\n<p>Anunci\u00f3 que para esta temporada de Navidad, fin y comienzo de a\u00f1o, se tiene dispuesto un completo esquema para garantizar la seguridad de los visitantes y cartageneros. \u201cTenemos un despliegue de acciones dise\u00f1adas que buscan generar confianza y seguridad a nuestros visitantes no solo en el Centro Hist\u00f3rico y Bocagrande, sino en toda la ciudad\u201d, expres\u00f3 el funcionario.<\/p>\n<p>Asegur\u00f3 que se trabaja para que Cartagena no sea una ciudad que escojan los delincuentes para cometer actos il\u00edcitos. \u201cQueremos que Cartagena sea una ciudad libre de delitos y los que quieran llegar ac\u00e1 a hacer este tipo de actos ser\u00e1n capturados y responder\u00e1n por sus acciones ante la justicia\u201d, concluy\u00f3 el Secretario.<\/p>\n","protected":false},"excerpt":{"rendered":"<p>Con la reacci\u00f3n y las acciones adelantadas por las autoridades en Cartagena, se dio la liberaci\u00f3n de un juez extranjero, que fue secuestrado el pasado viernes 11 de noviembre en un barrio de esta ciudad. El alcalde Duque dijo que tan pronto se supo esta lamentable noticia, las autoridades encabezadas por la Polic\u00eda Metropolitana y la Fiscal\u00eda trabajaron para poder lograr la liberaci\u00f3n del juez Benny Osorio Mej\u00eda, quien se encontraba de vacaciones en Colombia. Sostuvo que se activ\u00f3 una operaci\u00f3n liderada por la Direcci\u00f3n Nacional de Seccionales y Seguridad&#8230; <\/p>\n","protected":false},"author":3,"featured_media":17550,"comment_status":"open","ping_status":"closed","sticky":false,"template":"","format":"standard","meta":{"footnotes":"","_links_to":"","_links_to_target":""},"categories":[32,88],"tags":[],"class_list":["post-17547","post","type-post","status-publish","format-standard","has-post-thumbnail","hentry","category-actualidad-distrito","category-seguridad"],"_links":{"self":[{"href":"https:\/\/revistazetta.com\/index.php?rest_route=\/wp\/v2\/posts\/17547","targetHints":{"allow":["GET"]}}],"collection":[{"href":"https:\/\/revistazetta.com\/index.php?rest_route=\/wp\/v2\/posts"}],"about":[{"href":"https:\/\/revistazetta.com\/index.php?rest_route=\/wp\/v2\/types\/post"}],"author":[{"embeddable":true,"href":"https:\/\/revistazetta.com\/index.php?rest_route=\/wp\/v2\/users\/3"}],"replies":[{"embeddable":true,"href":"https:\/\/revistazetta.com\/index.php?rest_route=%2Fwp%2Fv2%2Fcomments&post=17547"}],"version-history":[{"count":0,"href":"https:\/\/revistazetta.com\/index.php?rest_route=\/wp\/v2\/posts\/17547\/revisions"}],"wp:featuredmedia":[{"embeddable":true,"href":"https:\/\/revistazetta.com\/index.php?rest_route=\/wp\/v2\/media\/17550"}],"wp:attachment":[{"href":"https:\/\/revistazetta.com\/index.php?rest_route=%2Fwp%2Fv2%2Fmedia&parent=17547"}],"wp:term":[{"taxonomy":"category","embeddable":true,"href":"https:\/\/revistazetta.com\/index.php?rest_route=%2Fwp%2Fv2%2Fcategories&post=17547"},{"taxonomy":"post_tag","embeddable":true,"href":"https:\/\/revistazetta.com\/index.php?rest_route=%2Fwp%2Fv2%2Ftags&post=17547"}],"curies":[{"name":"wp","href":"https:\/\/api.w.org\/{rel}","templated":true}]}}