{"id":17549,"date":"2016-11-17T23:46:24","date_gmt":"2016-11-18T04:46:24","guid":{"rendered":"http:\/\/www.revistazetta.com\/?p=17549"},"modified":"2016-11-17T23:56:14","modified_gmt":"2016-11-18T04:56:14","slug":"hemofilicos-desangran-arcas-bolivar-sobrecostos-dice-diputado-berrio","status":"publish","type":"post","link":"https:\/\/revistazetta.com\/?p=17549","title":{"rendered":"Hemof\u00edlicos desangran arcas de Bol\u00edvar por sobrecostos, dice diputado Berr\u00edo"},"content":{"rendered":"<p>El diputado Manuel Berr\u00edo Scaff cuestion\u00f3 los presuntos sobrecostos que se presentaron en el gobierno de Juan Carlos Gossa\u00edn como gobernador de Bol\u00edvar respecto de la atenci\u00f3n de 17 hemof\u00edlicos.<\/p>\n<p>En la sesi\u00f3n de este jueves en la Asamblea Departamental, el miembro de la bancada de Cambio Radical, le solicit\u00f3 a la Contralor\u00eda General de la Rep\u00fablica un informe actualizado sobre el avance de la investigaci\u00f3n desarrollada en este caso.<\/p>\n<p>E su cuenta de Facebook present\u00f3 este resumen de su intervenci\u00f3n:<\/p>\n<p>EL DESANGRE FINANCIERO DE LOS HEMOF\u00cdLICOS EN BOL\u00cdVAR. Entre el 2012 y 2015, el departamento de Bol\u00edvar gast\u00f3 aproximadamente, 90.000 millones de pesos para atender a 17 pacientes hemof\u00edlicos. Eso nos arroja como resultado una atenci\u00f3n de 1.320 millones por paciente por a\u00f1o. Seg\u00fan cifras de la Liga Colombiana de Hemof\u00edlicos, el tratamiento de 1 paciente hemof\u00edlico cuesta 160 millones de pesos anuales. Entonces \u00bfQu\u00e9 paso? \u00bfA d\u00f3nde fueron a parar los 1.160 millones de mas que por paciente y por a\u00f1o el departamento pag\u00f3? Esto significar\u00eda un sobrecosto de 80.000 millones de pesos para las pobres finanzas de Bol\u00edvar. Por eso estamos como estamos, con una red de salud p\u00fablica totalmente en crisis, colapsada y desfinanciada.<\/p>\n<p>Esperemos el informe de la Contralor\u00eda General de la Republica que solicitamos en proposici\u00f3n presentada en la plenaria de hoy.<\/p>\n<p>https:\/\/www.facebook.com\/manuel.berrio.73\/videos\/1816265115316063\/<\/p>\n","protected":false},"excerpt":{"rendered":"<p>El diputado Manuel Berr\u00edo Scaff cuestion\u00f3 los presuntos sobrecostos que se presentaron en el gobierno de Juan Carlos Gossa\u00edn como gobernador de Bol\u00edvar respecto de la atenci\u00f3n de 17 hemof\u00edlicos. En la sesi\u00f3n de este jueves en la Asamblea Departamental, el miembro de la bancada de Cambio Radical, le solicit\u00f3 a la Contralor\u00eda General de la Rep\u00fablica un informe actualizado sobre el avance de la investigaci\u00f3n desarrollada en este caso. E su cuenta de Facebook present\u00f3 este resumen de su intervenci\u00f3n: EL DESANGRE FINANCIERO DE LOS HEMOF\u00cdLICOS EN BOL\u00cdVAR. Entre&#8230; <\/p>\n","protected":false},"author":3,"featured_media":17556,"comment_status":"open","ping_status":"closed","sticky":false,"template":"","format":"standard","meta":{"footnotes":"","_links_to":"","_links_to_target":""},"categories":[75,28,4],"tags":[],"class_list":["post-17549","post","type-post","status-publish","format-standard","has-post-thumbnail","hentry","category-destacada","category-politica-asamblea","category-politica"],"_links":{"self":[{"href":"https:\/\/revistazetta.com\/index.php?rest_route=\/wp\/v2\/posts\/17549","targetHints":{"allow":["GET"]}}],"collection":[{"href":"https:\/\/revistazetta.com\/index.php?rest_route=\/wp\/v2\/posts"}],"about":[{"href":"https:\/\/revistazetta.com\/index.php?rest_route=\/wp\/v2\/types\/post"}],"author":[{"embeddable":true,"href":"https:\/\/revistazetta.com\/index.php?rest_route=\/wp\/v2\/users\/3"}],"replies":[{"embeddable":true,"href":"https:\/\/revistazetta.com\/index.php?rest_route=%2Fwp%2Fv2%2Fcomments&post=17549"}],"version-history":[{"count":0,"href":"https:\/\/revistazetta.com\/index.php?rest_route=\/wp\/v2\/posts\/17549\/revisions"}],"wp:featuredmedia":[{"embeddable":true,"href":"https:\/\/revistazetta.com\/index.php?rest_route=\/wp\/v2\/media\/17556"}],"wp:attachment":[{"href":"https:\/\/revistazetta.com\/index.php?rest_route=%2Fwp%2Fv2%2Fmedia&parent=17549"}],"wp:term":[{"taxonomy":"category","embeddable":true,"href":"https:\/\/revistazetta.com\/index.php?rest_route=%2Fwp%2Fv2%2Fcategories&post=17549"},{"taxonomy":"post_tag","embeddable":true,"href":"https:\/\/revistazetta.com\/index.php?rest_route=%2Fwp%2Fv2%2Ftags&post=17549"}],"curies":[{"name":"wp","href":"https:\/\/api.w.org\/{rel}","templated":true}]}}