{"id":17552,"date":"2016-11-17T23:48:07","date_gmt":"2016-11-18T04:48:07","guid":{"rendered":"http:\/\/www.revistazetta.com\/?p=17552"},"modified":"2016-11-17T23:48:07","modified_gmt":"2016-11-18T04:48:07","slug":"lanzamiento-la-campana-cartagena-maneja-segura","status":"publish","type":"post","link":"https:\/\/revistazetta.com\/?p=17552","title":{"rendered":"Lanzamiento de la Campa\u00f1a \u201cCartagena Maneja Segura\u201d"},"content":{"rendered":"<p>El viernes 18 de noviembre, desde las 4:30 de la tarde, en la terraza de la Corporaci\u00f3n Turismo Cartagena, se llevar\u00e1 a cabo el lanzamiento de la Campa\u00f1a de Educaci\u00f3n y Seguridad Vial Cartagena Maneja Segura: Yo respeto mi vida y la de los dem\u00e1s, una iniciativa de la Alcald\u00eda Mayor de Cartagena, el Departamento Administrativo de Tr\u00e1nsito y Transporte DATT y la Fundaci\u00f3n Sembrando una Nueva Esperanza. <\/p>\n<p>La campa\u00f1a tiene como eje central sensibilizar, prevenir e informar a la ciudadan\u00eda sobre los riesgos que acarrea el conducir en estado de embriaguez o bajo el efecto de sustancias psicoactivas, sobre el mal uso de cintur\u00f3n de seguridad y la manipulaci\u00f3n de equipos electr\u00f3nicos durante la conducci\u00f3n, con el fin de disminuir la tasa de accidentes y aportar al mejoramiento de la movilidad en Cartagena. <\/p>\n<p>S\u00f3lo en el a\u00f1o 2015, la tasa de accidentalidad vial en Cartagena fue de 3.119  personas. En lo que va corrido del a\u00f1o, 2.991 personas han sido afectadas en accidentes de tr\u00e1nsito, 49 de ellas murieron y 1.335 resultaron heridas, lo cual demuestra la extrema necesidad de buscar acciones para crear conciencia en la ciudadan\u00eda y buscar disminuir estas cifras, sobre todo durante la \u00e9poca de fin de a\u00f1o, en la que tradicionalmente se genera un mayor n\u00famero de accidentes.<\/p>\n<p>Edilberto Mendoza Goez, Director del Departamento de Tr\u00e1nsito y Transporte, asegura que este tipo de campa\u00f1as masivas de Educaci\u00f3n y Seguridad Vial le han dado muy buenos resultados al DATT en el mejoramiento de la cultura ciudadana asociada al respeto de las normas y se\u00f1ales de tr\u00e1nsito.  <\/p>\n<p>\u201cQueremos organizar la movilidad urbana mediante la formulaci\u00f3n e implementaci\u00f3n del Plan Estrat\u00e9gico de Seguridad Vial, para orientar a conductores y peatones sobre comportamientos adecuados en las v\u00edas, para garantizar y preservar  la  vida de los ciudadanos. En ese sentido, estamos impulsando la campa\u00f1a Cartagena Maneja Segura que seguir\u00e1 d\u00e1ndonos buenas noticias durante todo el mes de noviembre y diciembre\u201d, declar\u00f3.<\/p>\n<p>Cartagena Maneja Segura estuvo presente en los eventos de las Fiestas de Independencia, entregando informaci\u00f3n a los cartageneros a trav\u00e9s de mensajes preventivos y propositivos para atracar estas problem\u00e1ticas que tanto afectan la seguridad vial. As\u00ed mismo seguir\u00e1 llevando su mensaje a escenarios p\u00fablicos y privados como parques, plazas, discotecas, bares, conciertos y otros eventos, a trav\u00e9s de diversas estrategias de comunicaci\u00f3n, durante lo que resta del mes de noviembre y diciembre. <\/p>\n","protected":false},"excerpt":{"rendered":"<p>El viernes 18 de noviembre, desde las 4:30 de la tarde, en la terraza de la Corporaci\u00f3n Turismo Cartagena, se llevar\u00e1 a cabo el lanzamiento de la Campa\u00f1a de Educaci\u00f3n y Seguridad Vial Cartagena Maneja Segura: Yo respeto mi vida y la de los dem\u00e1s, una iniciativa de la Alcald\u00eda Mayor de Cartagena, el Departamento Administrativo de Tr\u00e1nsito y Transporte DATT y la Fundaci\u00f3n Sembrando una Nueva Esperanza. La campa\u00f1a tiene como eje central sensibilizar, prevenir e informar a la ciudadan\u00eda sobre los riesgos que acarrea el conducir en estado&#8230; <\/p>\n","protected":false},"author":3,"featured_media":17554,"comment_status":"open","ping_status":"closed","sticky":false,"template":"","format":"standard","meta":{"footnotes":"","_links_to":"","_links_to_target":""},"categories":[87],"tags":[],"class_list":["post-17552","post","type-post","status-publish","format-standard","has-post-thumbnail","hentry","category-movilidad"],"_links":{"self":[{"href":"https:\/\/revistazetta.com\/index.php?rest_route=\/wp\/v2\/posts\/17552","targetHints":{"allow":["GET"]}}],"collection":[{"href":"https:\/\/revistazetta.com\/index.php?rest_route=\/wp\/v2\/posts"}],"about":[{"href":"https:\/\/revistazetta.com\/index.php?rest_route=\/wp\/v2\/types\/post"}],"author":[{"embeddable":true,"href":"https:\/\/revistazetta.com\/index.php?rest_route=\/wp\/v2\/users\/3"}],"replies":[{"embeddable":true,"href":"https:\/\/revistazetta.com\/index.php?rest_route=%2Fwp%2Fv2%2Fcomments&post=17552"}],"version-history":[{"count":0,"href":"https:\/\/revistazetta.com\/index.php?rest_route=\/wp\/v2\/posts\/17552\/revisions"}],"wp:featuredmedia":[{"embeddable":true,"href":"https:\/\/revistazetta.com\/index.php?rest_route=\/wp\/v2\/media\/17554"}],"wp:attachment":[{"href":"https:\/\/revistazetta.com\/index.php?rest_route=%2Fwp%2Fv2%2Fmedia&parent=17552"}],"wp:term":[{"taxonomy":"category","embeddable":true,"href":"https:\/\/revistazetta.com\/index.php?rest_route=%2Fwp%2Fv2%2Fcategories&post=17552"},{"taxonomy":"post_tag","embeddable":true,"href":"https:\/\/revistazetta.com\/index.php?rest_route=%2Fwp%2Fv2%2Ftags&post=17552"}],"curies":[{"name":"wp","href":"https:\/\/api.w.org\/{rel}","templated":true}]}}