{"id":17555,"date":"2016-11-17T23:50:54","date_gmt":"2016-11-18T04:50:54","guid":{"rendered":"http:\/\/www.revistazetta.com\/?p=17555"},"modified":"2016-11-17T23:52:15","modified_gmt":"2016-11-18T04:52:15","slug":"listos-5-aspirantes-cargo-secretario-general-concejo-2017","status":"publish","type":"post","link":"https:\/\/revistazetta.com\/?p=17555","title":{"rendered":"Listos 5 aspirantes para el cargo de Secretario General Concejo 2017"},"content":{"rendered":"<p>Aroldo Coneo C\u00e1rdenas, con 92 puntos, y Nelly Ortiz Polanco, con 90, encabezan la lista de cinco aspirantes finalistas para el cargo de Secretario General del Concejo de Cartagena.<\/p>\n<p>Dando cumplimiento al cronograma estipulado en la Resoluci\u00f3n No. 141 del 13 de octubre de 2016, la corporaci\u00f3n public\u00f3 la informaci\u00f3n de los aspirantes a la convocatoria p\u00fablica para proveer el cargo de Secretario General del Concejo vigencia 2017, que obtuvieron el puntaje m\u00ednimo aprobatorio de la prueba de conocimiento estipulado en la referida resoluci\u00f3n.<\/p>\n<p>AROLDO CONEO CARDENAS\u00a0\u00a0\u00a0\u00a0\u00a0\u00a0\u00a0\u00a0\u00a0\u00a0\u00a0\u00a0\u00a0\u00a0\u00a0\u00a0\u00a0\u00a0 92<\/p>\n<p>NELLY MELISSA ORTIZ POLANCO\u00a0\u00a0\u00a0\u00a0\u00a0\u00a0\u00a0\u00a0\u00a0\u00a0 90<\/p>\n<p>JORGE ISAAC VERGARA MENDOZA\u00a0\u00a0\u00a0\u00a0\u00a0\u00a0\u00a0 77<\/p>\n<p>CLEMENTE LUIS POLO PAZ\u00a0\u00a0\u00a0\u00a0\u00a0\u00a0\u00a0\u00a0\u00a0\u00a0\u00a0\u00a0\u00a0\u00a0\u00a0\u00a0\u00a0\u00a0\u00a0\u00a0 \u00a073<\/p>\n<p>JUAN PABLO RIVERA MARTELO\u00a0\u00a0\u00a0\u00a0\u00a0\u00a0\u00a0\u00a0\u00a0\u00a0\u00a0\u00a0\u00a0 72<\/p>\n<p>&nbsp;<\/p>\n<p><strong>Cancelada Audiencia P\u00fablica<\/strong><\/p>\n<p>La audiencia p\u00fablica que estaba programada para este viernes 18 de noviembre\u00a0 correspondiente al proyecto de acuerdo 038 de beneficios tributarios para pago del Impuesto Predial, fue cancelada debido a que el proyecto ha sido retirado en las \u00faltimas horas del proceso en la corporaci\u00f3n por parte de la administraci\u00f3n Distrital<\/p>\n<p>&nbsp;<\/p>\n","protected":false},"excerpt":{"rendered":"<p>Aroldo Coneo C\u00e1rdenas, con 92 puntos, y Nelly Ortiz Polanco, con 90, encabezan la lista de cinco aspirantes finalistas para el cargo de Secretario General del Concejo de Cartagena. Dando cumplimiento al cronograma estipulado en la Resoluci\u00f3n No. 141 del 13 de octubre de 2016, la corporaci\u00f3n public\u00f3 la informaci\u00f3n de los aspirantes a la convocatoria p\u00fablica para proveer el cargo de Secretario General del Concejo vigencia 2017, que obtuvieron el puntaje m\u00ednimo aprobatorio de la prueba de conocimiento estipulado en la referida resoluci\u00f3n. AROLDO CONEO CARDENAS\u00a0\u00a0\u00a0\u00a0\u00a0\u00a0\u00a0\u00a0\u00a0\u00a0\u00a0\u00a0\u00a0\u00a0\u00a0\u00a0\u00a0\u00a0 92 NELLY MELISSA&#8230; <\/p>\n","protected":false},"author":3,"featured_media":0,"comment_status":"open","ping_status":"closed","sticky":false,"template":"","format":"standard","meta":{"footnotes":"","_links_to":"","_links_to_target":""},"categories":[4,27],"tags":[],"class_list":["post-17555","post","type-post","status-publish","format-standard","hentry","category-politica","category-politicaconcejo"],"_links":{"self":[{"href":"https:\/\/revistazetta.com\/index.php?rest_route=\/wp\/v2\/posts\/17555","targetHints":{"allow":["GET"]}}],"collection":[{"href":"https:\/\/revistazetta.com\/index.php?rest_route=\/wp\/v2\/posts"}],"about":[{"href":"https:\/\/revistazetta.com\/index.php?rest_route=\/wp\/v2\/types\/post"}],"author":[{"embeddable":true,"href":"https:\/\/revistazetta.com\/index.php?rest_route=\/wp\/v2\/users\/3"}],"replies":[{"embeddable":true,"href":"https:\/\/revistazetta.com\/index.php?rest_route=%2Fwp%2Fv2%2Fcomments&post=17555"}],"version-history":[{"count":0,"href":"https:\/\/revistazetta.com\/index.php?rest_route=\/wp\/v2\/posts\/17555\/revisions"}],"wp:attachment":[{"href":"https:\/\/revistazetta.com\/index.php?rest_route=%2Fwp%2Fv2%2Fmedia&parent=17555"}],"wp:term":[{"taxonomy":"category","embeddable":true,"href":"https:\/\/revistazetta.com\/index.php?rest_route=%2Fwp%2Fv2%2Fcategories&post=17555"},{"taxonomy":"post_tag","embeddable":true,"href":"https:\/\/revistazetta.com\/index.php?rest_route=%2Fwp%2Fv2%2Ftags&post=17555"}],"curies":[{"name":"wp","href":"https:\/\/api.w.org\/{rel}","templated":true}]}}