{"id":17562,"date":"2016-11-18T13:57:48","date_gmt":"2016-11-18T18:57:48","guid":{"rendered":"http:\/\/www.revistazetta.com\/?p=17562"},"modified":"2016-11-19T08:31:32","modified_gmt":"2016-11-19T13:31:32","slug":"hermanos-fortich-no-opinan-lo-casa-pa-gente","status":"publish","type":"post","link":"https:\/\/revistazetta.com\/?p=17562","title":{"rendered":"Concejal Fortich dice que \u00abCasa pa&#8217; mi Gente\u00bb ha sido serio y transparente"},"content":{"rendered":"<p>El concejal Ronal Fortich Rodelo asgur\u00f3 que el proyecto \u201cCasa pa mi gente\u201d es de los \u201cmas serios y transparentes\u201d, y se apart\u00f3 la de opini\u00f3n de su hermano Neil Fortich, quien cuestion\u00f3 duramente esa iniciativa.<\/p>\n<p>Para el cabildante, el programa no se vicia el hecho de que los periodistas hayan sido un grupo beneficiado del programa puesto que, asegura, este es uno de los oficios m\u00e1s demandantes y peor pagados en la ciudad.<\/p>\n<p>A su vez, el ex personero delegado Neil Fortich denunci\u00f3 inconsistencias en el sorteo pues el sorteo no dio prioridad a personas de extrema pobreza o grupos que m\u00e1s las necesitaban.<\/p>\n<p>Por su parte, el concejal de la bancada de La U, Cesar Pi\u00f3n, present\u00f3 en plenaria una proposici\u00f3n referente al programa \u00abCasa pa Mi Gente\u00bb que adelanta Corvivienda con el objetivo de realizar control pol\u00edtico con la comisi\u00f3n del Plan para que se informe y certifique todo lo relacionado con este programa de subsidios de vivienda.<\/p>\n<p>Pi\u00f3n pide que se informe cu\u00e1les son los par\u00e1metros para elegir a los beneficiarios y que se sectoricen los gremios, sin embargo la propuesta fue aplazada por la disponibilidad de tiempo con la que cuenta el Concejo que termina el tercer periodo de sesiones ordinarias el pr\u00f3ximo 30 de noviembre y aun cuenta con muchos proyectos y propuestas a las que debe atender con antelaci\u00f3n.<\/p>\n<p>&nbsp;<\/p>\n","protected":false},"excerpt":{"rendered":"<p>El concejal Ronal Fortich Rodelo asgur\u00f3 que el proyecto \u201cCasa pa mi gente\u201d es de los \u201cmas serios y transparentes\u201d, y se apart\u00f3 la de opini\u00f3n de su hermano Neil Fortich, quien cuestion\u00f3 duramente esa iniciativa. Para el cabildante, el programa no se vicia el hecho de que los periodistas hayan sido un grupo beneficiado del programa puesto que, asegura, este es uno de los oficios m\u00e1s demandantes y peor pagados en la ciudad. A su vez, el ex personero delegado Neil Fortich denunci\u00f3 inconsistencias en el sorteo pues el&#8230; <\/p>\n","protected":false},"author":3,"featured_media":17563,"comment_status":"open","ping_status":"closed","sticky":false,"template":"","format":"standard","meta":{"footnotes":"","_links_to":"","_links_to_target":""},"categories":[27,75],"tags":[],"class_list":["post-17562","post","type-post","status-publish","format-standard","has-post-thumbnail","hentry","category-politicaconcejo","category-destacada"],"_links":{"self":[{"href":"https:\/\/revistazetta.com\/index.php?rest_route=\/wp\/v2\/posts\/17562","targetHints":{"allow":["GET"]}}],"collection":[{"href":"https:\/\/revistazetta.com\/index.php?rest_route=\/wp\/v2\/posts"}],"about":[{"href":"https:\/\/revistazetta.com\/index.php?rest_route=\/wp\/v2\/types\/post"}],"author":[{"embeddable":true,"href":"https:\/\/revistazetta.com\/index.php?rest_route=\/wp\/v2\/users\/3"}],"replies":[{"embeddable":true,"href":"https:\/\/revistazetta.com\/index.php?rest_route=%2Fwp%2Fv2%2Fcomments&post=17562"}],"version-history":[{"count":0,"href":"https:\/\/revistazetta.com\/index.php?rest_route=\/wp\/v2\/posts\/17562\/revisions"}],"wp:featuredmedia":[{"embeddable":true,"href":"https:\/\/revistazetta.com\/index.php?rest_route=\/wp\/v2\/media\/17563"}],"wp:attachment":[{"href":"https:\/\/revistazetta.com\/index.php?rest_route=%2Fwp%2Fv2%2Fmedia&parent=17562"}],"wp:term":[{"taxonomy":"category","embeddable":true,"href":"https:\/\/revistazetta.com\/index.php?rest_route=%2Fwp%2Fv2%2Fcategories&post=17562"},{"taxonomy":"post_tag","embeddable":true,"href":"https:\/\/revistazetta.com\/index.php?rest_route=%2Fwp%2Fv2%2Ftags&post=17562"}],"curies":[{"name":"wp","href":"https:\/\/api.w.org\/{rel}","templated":true}]}}