{"id":17567,"date":"2016-11-18T14:24:27","date_gmt":"2016-11-18T19:24:27","guid":{"rendered":"http:\/\/www.revistazetta.com\/?p=17567"},"modified":"2016-11-18T14:24:27","modified_gmt":"2016-11-18T19:24:27","slug":"dadis-cierra-unidad-medica-manga-medico-opero-paciente-sin-contar-licencia","status":"publish","type":"post","link":"https:\/\/revistazetta.com\/?p=17567","title":{"rendered":"Dadis cierra Unidad M\u00e9dica de Manga; m\u00e9dico oper\u00f3 a paciente sin contar con licencia"},"content":{"rendered":"<p>El Departamento Administrativo Distrital de Salud (Dadis) suspendi\u00f3 actividades a la Instituci\u00f3n Prestadora de Salud (IPS) Unidad M\u00e9dica de Manga luego de haber recibido la denuncia de Hernando Barrios, un hombre que afirm\u00f3 que se practic\u00f3 una cirug\u00eda est\u00e9tica en esta cl\u00ednica pero que durante esta intervenci\u00f3n sufri\u00f3 un evento adverso en el que resultaron perfor\u00e1ndole el intestino.<\/p>\n<p>\u201cEl paciente nos inform\u00f3 que despu\u00e9s de una cirug\u00eda pl\u00e1stica en esa cl\u00ednica hab\u00eda presentado una septicemia (Infecci\u00f3n grave y generalizada de todo el organismo debida a la existencia de un foco infeccioso en el interior del cuerpo del cual pasan g\u00e9rmenes pat\u00f3genos a la sangre) y por la cual debi\u00f3 permanecer 7 meses m\u00e1s en otro hospital, 3 de ellos en la Unidad de Cuidados Intensivos (UCI), tiempo en el cual le practicaron 19 intervenciones quir\u00fargicas\u201d, inform\u00f3 Adriana Meza, directora del Dadis.<\/p>\n<p>Una vez se conoci\u00f3 la queja, personal de las oficinas de Vigilancia y Control y de Participaci\u00f3n y Atenci\u00f3n al Usuario del Dadis, procedi\u00f3 a hacer la visita encontrando que tanto la IPS como el m\u00e9dico Jos\u00e9 Mart\u00ednez Baena, quien le practic\u00f3 la cirug\u00eda al paciente, estaban prestando servicios sin contar con los permisos requeridos, es decir que no tiene licencia de la autoridad sanitaria, el Dadis, para realizar cualquier tipo de procedimiento quir\u00fargico.<br \/>\nPor lo anterior se procedi\u00f3 al cierre de la IPS y hasta que no presente la documentaci\u00f3n, sea visitada y legalizada su habilitaci\u00f3n, no puede realizar ning\u00fan tipo de cirug\u00eda.<\/p>\n<p>Por su parte, Alberto Pereira, director Operativo de la Oficina de Vigilancia y Control del Dadis indic\u00f3 que: \u201cesta cl\u00ednica tiene unos consultorios que s\u00ed est\u00e1n habilitados por profesionales independientes pero el quir\u00f3fano y la Unidad M\u00e9dica de Manga no est\u00e1n habilitadas, por eso no pueden operar. Si quiere seguir funcionando debe presentar su proceso de habilitaci\u00f3n. Por esta irregularidad se le inicia un proceso administrativo sancionatorio\u201d. <\/p>\n<p>Las sanciones van desde amonestaciones y\/o multas (sucesivas hasta por una suma equivalente a 10.000 salarios diarios m\u00ednimos legales al m\u00e1ximo valor vigente en el momento de dictarse la respectiva resoluci\u00f3n), hasta el cierre definitivo de la IPS.<\/p>\n<p>Pereira tambi\u00e9n agreg\u00f3 que  las IPS deben poner en lugares visibles el distintivo de habilitaci\u00f3n que emite el Ministerio de Salud y de la Protecci\u00f3n Social y la recomendaci\u00f3n para los pacientes es revisar que las IPS lo tengan  cuando visiten un consultorio, cl\u00ednica, etc.<\/p>\n<p>\u201cLos m\u00e9dicos cirujanos deben tener distintivo de cirug\u00eda pl\u00e1stica habilitada porque en muchos casos se ha presentado que m\u00e9dicos generales, con solo un curso de est\u00e9tica, est\u00e1n realizando procedimientos invasivos mayores que solo los cirujanos pl\u00e1sticos pueden realizar\u201d, dijo.<\/p>\n<p>As\u00ed mismo advierte el Dadis que los pacientes pueden llamar a trav\u00e9s de la l\u00ednea 6501092 \u2013 6501095 ext 1452 y preguntar si la IPS y el quir\u00f3fano en la que piensa realizarse determinado procedimiento est\u00e1n habilitados. <\/p>\n","protected":false},"excerpt":{"rendered":"<p>El Departamento Administrativo Distrital de Salud (Dadis) suspendi\u00f3 actividades a la Instituci\u00f3n Prestadora de Salud (IPS) Unidad M\u00e9dica de Manga luego de haber recibido la denuncia de Hernando Barrios, un hombre que afirm\u00f3 que se practic\u00f3 una cirug\u00eda est\u00e9tica en esta cl\u00ednica pero que durante esta intervenci\u00f3n sufri\u00f3 un evento adverso en el que resultaron perfor\u00e1ndole el intestino. \u201cEl paciente nos inform\u00f3 que despu\u00e9s de una cirug\u00eda pl\u00e1stica en esa cl\u00ednica hab\u00eda presentado una septicemia (Infecci\u00f3n grave y generalizada de todo el organismo debida a la existencia de un foco&#8230; <\/p>\n","protected":false},"author":3,"featured_media":17568,"comment_status":"open","ping_status":"closed","sticky":false,"template":"","format":"standard","meta":{"footnotes":"","_links_to":"","_links_to_target":""},"categories":[32],"tags":[],"class_list":["post-17567","post","type-post","status-publish","format-standard","has-post-thumbnail","hentry","category-actualidad-distrito"],"_links":{"self":[{"href":"https:\/\/revistazetta.com\/index.php?rest_route=\/wp\/v2\/posts\/17567","targetHints":{"allow":["GET"]}}],"collection":[{"href":"https:\/\/revistazetta.com\/index.php?rest_route=\/wp\/v2\/posts"}],"about":[{"href":"https:\/\/revistazetta.com\/index.php?rest_route=\/wp\/v2\/types\/post"}],"author":[{"embeddable":true,"href":"https:\/\/revistazetta.com\/index.php?rest_route=\/wp\/v2\/users\/3"}],"replies":[{"embeddable":true,"href":"https:\/\/revistazetta.com\/index.php?rest_route=%2Fwp%2Fv2%2Fcomments&post=17567"}],"version-history":[{"count":0,"href":"https:\/\/revistazetta.com\/index.php?rest_route=\/wp\/v2\/posts\/17567\/revisions"}],"wp:featuredmedia":[{"embeddable":true,"href":"https:\/\/revistazetta.com\/index.php?rest_route=\/wp\/v2\/media\/17568"}],"wp:attachment":[{"href":"https:\/\/revistazetta.com\/index.php?rest_route=%2Fwp%2Fv2%2Fmedia&parent=17567"}],"wp:term":[{"taxonomy":"category","embeddable":true,"href":"https:\/\/revistazetta.com\/index.php?rest_route=%2Fwp%2Fv2%2Fcategories&post=17567"},{"taxonomy":"post_tag","embeddable":true,"href":"https:\/\/revistazetta.com\/index.php?rest_route=%2Fwp%2Fv2%2Ftags&post=17567"}],"curies":[{"name":"wp","href":"https:\/\/api.w.org\/{rel}","templated":true}]}}