{"id":17569,"date":"2016-11-19T06:15:17","date_gmt":"2016-11-19T11:15:17","guid":{"rendered":"http:\/\/www.revistazetta.com\/?p=17569"},"modified":"2016-11-19T06:15:17","modified_gmt":"2016-11-19T11:15:17","slug":"pandilleros-guardias-ambientales-promotores-paz","status":"publish","type":"post","link":"https:\/\/revistazetta.com\/?p=17569","title":{"rendered":"De pandilleros a guardias ambientales promotores de paz"},"content":{"rendered":"<p>Con el apoyo del Establecimiento P\u00fablico Ambietal, EPA Cartagena y la Guardia Ambiental se gest\u00f3 este proyecto, que beneficia a 50 j\u00f3venes que pertenec\u00edan a pandillas de la V\u00eda Per\u00edmetral, y otros ten\u00edan su accionar cerca al ca\u00f1o Juan Angola.<\/p>\n<p>Desde hace cerca de un mes comenzaron sus capacitaciones en liderazgo y valores, voluntariado y disciplina castrense, reglamento interno, gesti\u00f3n ambiental, ecosistema y ecoturismo, t\u00e9cnicas de recuperaci\u00f3n forestal y viveros de manglares, control y vigilancia, gesti\u00f3n ambiental y procedimientos, participaci\u00f3n comunitaria, prevenci\u00f3n y atenci\u00f3n de desastres naturales y primeros auxilios.<\/p>\n<p>En un acto realizado en el Sal\u00f3n Vicente Mart\u00ednez, Omar Gel\u00edz, joven que pudo aprovechar este proyecto,  habl\u00f3 ante sus compa\u00f1eros y familiares, y pidi\u00f3 perd\u00f3n por su pasado en las pandillas.  \u201cLlegu\u00e9 hasta la primaria, no estuid\u00e9 por pararle bolas a las pandillas, y me arrepiento que lo que hice, pero gracias a Dios se me han abierto puertas y le puedo dar un ejemplo a los muchados de Cartagena: que la violencia no trae nada bueno y te quita los seres que quieres\u201d, afirma.<\/p>\n<p>La directora del EPA Cartagena, Mar\u00eda Ang\u00e9lica Garc\u00eda Turbay, explica que ya estos j\u00f3venes vienen trabajando el tema ambiental, a trav\u00e9s de una empresa de reciclaje que conformaron y en la recogen 80 kilos diarios de residuos aprovechables, como el pl\u00e1stico e icopor.<\/p>\n<p>\u201cEllos pidieron una segunda oportunidad y ahora la  tienen. Son ejemplo en su comunidad, al cuidar el medio ambiente\u201d, manifiesta la funcionaria.<\/p>\n","protected":false},"excerpt":{"rendered":"<p>Con el apoyo del Establecimiento P\u00fablico Ambietal, EPA Cartagena y la Guardia Ambiental se gest\u00f3 este proyecto, que beneficia a 50 j\u00f3venes que pertenec\u00edan a pandillas de la V\u00eda Per\u00edmetral, y otros ten\u00edan su accionar cerca al ca\u00f1o Juan Angola. Desde hace cerca de un mes comenzaron sus capacitaciones en liderazgo y valores, voluntariado y disciplina castrense, reglamento interno, gesti\u00f3n ambiental, ecosistema y ecoturismo, t\u00e9cnicas de recuperaci\u00f3n forestal y viveros de manglares, control y vigilancia, gesti\u00f3n ambiental y procedimientos, participaci\u00f3n comunitaria, prevenci\u00f3n y atenci\u00f3n de desastres naturales y primeros auxilios&#8230;. <\/p>\n","protected":false},"author":3,"featured_media":17570,"comment_status":"open","ping_status":"closed","sticky":false,"template":"","format":"standard","meta":{"footnotes":"","_links_to":"","_links_to_target":""},"categories":[75,85,32],"tags":[],"class_list":["post-17569","post","type-post","status-publish","format-standard","has-post-thumbnail","hentry","category-destacada","category-cartagena","category-actualidad-distrito"],"_links":{"self":[{"href":"https:\/\/revistazetta.com\/index.php?rest_route=\/wp\/v2\/posts\/17569","targetHints":{"allow":["GET"]}}],"collection":[{"href":"https:\/\/revistazetta.com\/index.php?rest_route=\/wp\/v2\/posts"}],"about":[{"href":"https:\/\/revistazetta.com\/index.php?rest_route=\/wp\/v2\/types\/post"}],"author":[{"embeddable":true,"href":"https:\/\/revistazetta.com\/index.php?rest_route=\/wp\/v2\/users\/3"}],"replies":[{"embeddable":true,"href":"https:\/\/revistazetta.com\/index.php?rest_route=%2Fwp%2Fv2%2Fcomments&post=17569"}],"version-history":[{"count":0,"href":"https:\/\/revistazetta.com\/index.php?rest_route=\/wp\/v2\/posts\/17569\/revisions"}],"wp:featuredmedia":[{"embeddable":true,"href":"https:\/\/revistazetta.com\/index.php?rest_route=\/wp\/v2\/media\/17570"}],"wp:attachment":[{"href":"https:\/\/revistazetta.com\/index.php?rest_route=%2Fwp%2Fv2%2Fmedia&parent=17569"}],"wp:term":[{"taxonomy":"category","embeddable":true,"href":"https:\/\/revistazetta.com\/index.php?rest_route=%2Fwp%2Fv2%2Fcategories&post=17569"},{"taxonomy":"post_tag","embeddable":true,"href":"https:\/\/revistazetta.com\/index.php?rest_route=%2Fwp%2Fv2%2Ftags&post=17569"}],"curies":[{"name":"wp","href":"https:\/\/api.w.org\/{rel}","templated":true}]}}