{"id":17579,"date":"2016-11-19T07:12:15","date_gmt":"2016-11-19T12:12:15","guid":{"rendered":"http:\/\/www.revistazetta.com\/?p=17579"},"modified":"2016-11-20T12:15:46","modified_gmt":"2016-11-20T17:15:46","slug":"cartagena-celebra-la-musica-homenaje-eliseo-herrera","status":"publish","type":"post","link":"https:\/\/revistazetta.com\/?p=17579","title":{"rendered":"Cartagena \u2018Celebra la M\u00fasica\u2019 con homenaje a Eliseo Herrera"},"content":{"rendered":"<p>A trav\u00e9s del Instituto de Patrimonio y Cultura de Cartagena (IPCC), se invita a toda la poblaci\u00f3n cartagenera, y en especial a la comunidad de m\u00fasicos de la ciudad, a que este domingo 20 de noviembre asista al Teatro Adolfo Mej\u00eda a partir de las 4:00 p.m. donde se dar\u00e1 un concierto musical abierto a la ciudadan\u00eda.<\/p>\n<p>El acto, que pertenece a la jornada nacional \u2018Celebra la M\u00fasica\u2019 promovida por el Ministerio de Cultura para impulsar y visibilizar los procesos de formaci\u00f3n y pr\u00e1ctica musical en Colombia, rendir\u00e1 homenaje al maestro Eliseo Herrera (QEPD), cantante de Los Corraleros de Majagual, considerado el padre del trabalenguas quien anim\u00f3 durante d\u00e9cadas las Fiestas de Independencia.<\/p>\n<p>El evento contar\u00e1 con la participaci\u00f3n de \u00edconos de la m\u00fasica que conversar\u00e1n sobre la vida y obra musical de Eliseo Herrera quien falleci\u00f3 el pasado 5 de marzo. Transcurrido el p\u00e1nel se realizar\u00e1 un concierto homenaje que contar\u00e1 con la participaci\u00f3n de artistas como Ane Swing, Evaida De la Hoz, Orquesta Fama, Ventana Music, Son Herederos, Proyecto Cartagena Vallenata y Super Banda del Caribe.<\/p>\n<p>En referencia al homenaje, estimulado por el IPCC, el consejero distrital de cultura Henry Gonz\u00e1lez destaca que \u201cCartagena quiere ser epicentro de grandes conciertos donde los grandes artistas e invitados sean los m\u00fasicos locales, por eso la ciudad no puede perderse esta gran oportunidad de sentir las notas musicales de nuestra ciudad, esas que est\u00e1n ancladas en nuestras memorias\u201d.<\/p>\n<p>Cabe recordar que desde el a\u00f1o 2011 \u2018Celebra la M\u00fasica\u2019 se viene realizando en cada uno de los rincones del pa\u00eds el domingo m\u00e1s cercano al 22 de noviembre, d\u00eda de Santa Cecilia, patrona de los m\u00fasicos en el mundo.<\/p>\n","protected":false},"excerpt":{"rendered":"<p>A trav\u00e9s del Instituto de Patrimonio y Cultura de Cartagena (IPCC), se invita a toda la poblaci\u00f3n cartagenera, y en especial a la comunidad de m\u00fasicos de la ciudad, a que este domingo 20 de noviembre asista al Teatro Adolfo Mej\u00eda a partir de las 4:00 p.m. donde se dar\u00e1 un concierto musical abierto a la ciudadan\u00eda. El acto, que pertenece a la jornada nacional \u2018Celebra la M\u00fasica\u2019 promovida por el Ministerio de Cultura para impulsar y visibilizar los procesos de formaci\u00f3n y pr\u00e1ctica musical en Colombia, rendir\u00e1 homenaje al&#8230; <\/p>\n","protected":false},"author":3,"featured_media":17586,"comment_status":"open","ping_status":"closed","sticky":false,"template":"","format":"standard","meta":{"footnotes":"","_links_to":"","_links_to_target":""},"categories":[2,75],"tags":[],"class_list":["post-17579","post","type-post","status-publish","format-standard","has-post-thumbnail","hentry","category-actualidad","category-destacada"],"_links":{"self":[{"href":"https:\/\/revistazetta.com\/index.php?rest_route=\/wp\/v2\/posts\/17579","targetHints":{"allow":["GET"]}}],"collection":[{"href":"https:\/\/revistazetta.com\/index.php?rest_route=\/wp\/v2\/posts"}],"about":[{"href":"https:\/\/revistazetta.com\/index.php?rest_route=\/wp\/v2\/types\/post"}],"author":[{"embeddable":true,"href":"https:\/\/revistazetta.com\/index.php?rest_route=\/wp\/v2\/users\/3"}],"replies":[{"embeddable":true,"href":"https:\/\/revistazetta.com\/index.php?rest_route=%2Fwp%2Fv2%2Fcomments&post=17579"}],"version-history":[{"count":0,"href":"https:\/\/revistazetta.com\/index.php?rest_route=\/wp\/v2\/posts\/17579\/revisions"}],"wp:featuredmedia":[{"embeddable":true,"href":"https:\/\/revistazetta.com\/index.php?rest_route=\/wp\/v2\/media\/17586"}],"wp:attachment":[{"href":"https:\/\/revistazetta.com\/index.php?rest_route=%2Fwp%2Fv2%2Fmedia&parent=17579"}],"wp:term":[{"taxonomy":"category","embeddable":true,"href":"https:\/\/revistazetta.com\/index.php?rest_route=%2Fwp%2Fv2%2Fcategories&post=17579"},{"taxonomy":"post_tag","embeddable":true,"href":"https:\/\/revistazetta.com\/index.php?rest_route=%2Fwp%2Fv2%2Ftags&post=17579"}],"curies":[{"name":"wp","href":"https:\/\/api.w.org\/{rel}","templated":true}]}}