{"id":17582,"date":"2016-11-19T08:21:04","date_gmt":"2016-11-19T13:21:04","guid":{"rendered":"http:\/\/www.revistazetta.com\/?p=17582"},"modified":"2016-11-20T12:00:00","modified_gmt":"2016-11-20T17:00:00","slug":"bolivar-avanza-e-icultur-destacan-celebracion-del-dia-del-musico","status":"publish","type":"post","link":"https:\/\/revistazetta.com\/?p=17582","title":{"rendered":"Bol\u00edvar S\u00ed Avanza e Icultur destacan celebraci\u00f3n del D\u00eda del M\u00fasico"},"content":{"rendered":"<p>Trabajando\u00a0en una cultura para la paz y como motor de desarrollo, la administraci\u00f3n del Bol\u00edvar S\u00ed Avanza y el Instituto de Cultura y Turismo (Icultur), se unen a la gran fiesta nacional programada por Mincultura este 20 de noviembre para celebrar el d\u00eda del m\u00fasico, cuya fecha oficial es el 22 de noviembre en honor a Santa Cecilia patrona de los m\u00fasicos.<\/p>\n<p>Para tal fin, m\u00e1s de 25 municipios bolivarenses tienen una programaci\u00f3n especial el pr\u00f3ximo domingo cumpliendo con esta cita y la invitaci\u00f3n que hace el Ministerio de Cultura.<\/p>\n<p>Seg\u00fan Lucy Espinosa D\u00edaz, directora de Icultur, de esta manera le siguen dando cumplimiento a los prop\u00f3sitos trazados en el Plan de Desarrollo Bol\u00edvar S\u00ed Avanza, que busca resaltar y fortalecer la formaci\u00f3n art\u00edstica en el Departamento. \u201cIcultur entregar\u00e1 este 24 de noviembre una dotaci\u00f3n de instrumentos a m\u00fasicos de diferentes municipios con el fin de contribuir con esta tarea de formaci\u00f3n e interpretaci\u00f3n en los semilleros de artistas de 11 poblaciones y como parte tambi\u00e9n de los premios asignados a destacadas agrupaciones que se han presentado en nuestro Festival Departamental de Bandas\u201d, dijo Espinosa D\u00edaz.<\/p>\n<p>Por su parte el gobernador Dumek Turbay, expres\u00f3 que \u201cen esta fiesta para celebrar el d\u00eda del m\u00fasico, resaltamos y reconocemos esta maravillosa labor que desempe\u00f1an cientos de artistas a lo largo y ancho de un departamento y que est\u00e1 reflejado en la diversidad de sus ritmos y su m\u00fasica\u201d.<\/p>\n<p>As\u00ed las cosas, el Bol\u00edvar S\u00ed Avanza a trav\u00e9s de Icultur env\u00eda un mensaje de aliento y reconocimiento para quienes con melod\u00edas y riqueza arm\u00f3nica llevan mensajes festivos y de esperanza a los habitantes de este departamento. Adem\u00e1s, hace un reconocimiento a los m\u00fasicos por tradici\u00f3n, emp\u00edricos, en formaci\u00f3n y a los profesionales que ejercen su vocaci\u00f3n con compromiso, formando a muchas m\u00e1s generaciones en la m\u00fasica como arte, ciencia y disciplina.<\/p>\n","protected":false},"excerpt":{"rendered":"<p>Trabajando\u00a0en una cultura para la paz y como motor de desarrollo, la administraci\u00f3n del Bol\u00edvar S\u00ed Avanza y el Instituto de Cultura y Turismo (Icultur), se unen a la gran fiesta nacional programada por Mincultura este 20 de noviembre para celebrar el d\u00eda del m\u00fasico, cuya fecha oficial es el 22 de noviembre en honor a Santa Cecilia patrona de los m\u00fasicos. Para tal fin, m\u00e1s de 25 municipios bolivarenses tienen una programaci\u00f3n especial el pr\u00f3ximo domingo cumpliendo con esta cita y la invitaci\u00f3n que hace el Ministerio de Cultura&#8230;. <\/p>\n","protected":false},"author":3,"featured_media":17584,"comment_status":"open","ping_status":"closed","sticky":false,"template":"","format":"standard","meta":{"footnotes":"","_links_to":"","_links_to_target":""},"categories":[41,75,43],"tags":[],"class_list":["post-17582","post","type-post","status-publish","format-standard","has-post-thumbnail","hentry","category-cultura","category-destacada","category-cultura-musica"],"_links":{"self":[{"href":"https:\/\/revistazetta.com\/index.php?rest_route=\/wp\/v2\/posts\/17582","targetHints":{"allow":["GET"]}}],"collection":[{"href":"https:\/\/revistazetta.com\/index.php?rest_route=\/wp\/v2\/posts"}],"about":[{"href":"https:\/\/revistazetta.com\/index.php?rest_route=\/wp\/v2\/types\/post"}],"author":[{"embeddable":true,"href":"https:\/\/revistazetta.com\/index.php?rest_route=\/wp\/v2\/users\/3"}],"replies":[{"embeddable":true,"href":"https:\/\/revistazetta.com\/index.php?rest_route=%2Fwp%2Fv2%2Fcomments&post=17582"}],"version-history":[{"count":0,"href":"https:\/\/revistazetta.com\/index.php?rest_route=\/wp\/v2\/posts\/17582\/revisions"}],"wp:featuredmedia":[{"embeddable":true,"href":"https:\/\/revistazetta.com\/index.php?rest_route=\/wp\/v2\/media\/17584"}],"wp:attachment":[{"href":"https:\/\/revistazetta.com\/index.php?rest_route=%2Fwp%2Fv2%2Fmedia&parent=17582"}],"wp:term":[{"taxonomy":"category","embeddable":true,"href":"https:\/\/revistazetta.com\/index.php?rest_route=%2Fwp%2Fv2%2Fcategories&post=17582"},{"taxonomy":"post_tag","embeddable":true,"href":"https:\/\/revistazetta.com\/index.php?rest_route=%2Fwp%2Fv2%2Ftags&post=17582"}],"curies":[{"name":"wp","href":"https:\/\/api.w.org\/{rel}","templated":true}]}}