{"id":17593,"date":"2016-11-20T13:54:35","date_gmt":"2016-11-20T18:54:35","guid":{"rendered":"http:\/\/www.revistazetta.com\/?p=17593"},"modified":"2016-11-20T13:54:35","modified_gmt":"2016-11-20T18:54:35","slug":"dumek-revisa-aprieta-reunion-gabinete","status":"publish","type":"post","link":"https:\/\/revistazetta.com\/?p=17593","title":{"rendered":"Dumek revisa y aprieta en reuni\u00f3n de Gabinete"},"content":{"rendered":"<p>Calificada como una valiosa iniciativa de gobierno la cual permite conocer de primera mano el balance real entre prop\u00f3sitos pactados y cumplidos durante el a\u00f1o inicial del \u201cBol\u00edvar S\u00ed Avanza\u201d, el primer mandatario seccional, Dumek Turbay, presidi\u00f3 una importante actividad realizada en el sal\u00f3n de La Paz, en que la revisi\u00f3n de resultados y la planificaci\u00f3n de nuevas metas se convirtieron en consignas principales de la jornada sabatina de trabajo.<\/p>\n<p>Ya en lo competente al ejercicio de gobierno, cada secretario fue manifestando sus resultados, lo que a\u00fan se encuentra por cumplir, los ajustes y por supuesto nuevos prop\u00f3sitos de cara a la vigencia administrativa de 2017. Para el gobernante bolivarense, el beneficio de comunidades, la generaci\u00f3n de nuevas oportunidades y el progreso comunitario son directrices priorizadas en el Plan de Desarrollo 2016 \u2013 2019.<\/p>\n<p>\u201cEsto es un ejercicio de gobierno en que revisamos la gesti\u00f3n adelantada por nuestro equipo de trabajo. Nos trazamos metas para seguir consolid\u00e1ndonos como una administraci\u00f3n que ofrece resultados a las comunidades\u201d, expres\u00f3 el gobernador Turbay, durante la realizaci\u00f3n de la din\u00e1mica de balances y ajustes.<\/p>\n<p><img loading=\"lazy\" decoding=\"async\" class=\"alignright size-medium wp-image-17595\" src=\"https:\/\/www.revistazetta.com\/wp-content\/uploads\/2016\/11\/Balance-de-Resultados-3.-240x300.jpg\" alt=\"balance-de-resultados-3\" width=\"240\" height=\"300\" srcset=\"https:\/\/revistazetta.com\/wp-content\/uploads\/2016\/11\/Balance-de-Resultados-3.-240x300.jpg 240w, https:\/\/revistazetta.com\/wp-content\/uploads\/2016\/11\/Balance-de-Resultados-3.-117x146.jpg 117w, https:\/\/revistazetta.com\/wp-content\/uploads\/2016\/11\/Balance-de-Resultados-3.-40x50.jpg 40w, https:\/\/revistazetta.com\/wp-content\/uploads\/2016\/11\/Balance-de-Resultados-3.-60x75.jpg 60w, https:\/\/revistazetta.com\/wp-content\/uploads\/2016\/11\/Balance-de-Resultados-3..jpg 480w\" sizes=\"auto, (max-width: 240px) 100vw, 240px\" \/> <img loading=\"lazy\" decoding=\"async\" class=\"alignright size-medium wp-image-17596\" src=\"https:\/\/www.revistazetta.com\/wp-content\/uploads\/2016\/11\/Balance-de-Resultados-4.-240x300.jpg\" alt=\"balance-de-resultados-4\" width=\"240\" height=\"300\" srcset=\"https:\/\/revistazetta.com\/wp-content\/uploads\/2016\/11\/Balance-de-Resultados-4.-240x300.jpg 240w, https:\/\/revistazetta.com\/wp-content\/uploads\/2016\/11\/Balance-de-Resultados-4.-117x146.jpg 117w, https:\/\/revistazetta.com\/wp-content\/uploads\/2016\/11\/Balance-de-Resultados-4.-40x50.jpg 40w, https:\/\/revistazetta.com\/wp-content\/uploads\/2016\/11\/Balance-de-Resultados-4.-60x75.jpg 60w, https:\/\/revistazetta.com\/wp-content\/uploads\/2016\/11\/Balance-de-Resultados-4..jpg 480w\" sizes=\"auto, (max-width: 240px) 100vw, 240px\" \/><\/p>\n<p>Las secretar\u00edas de Agricultura, Hacienda, Salud, Icultur, Privada, H\u00e1bitat, Transporte y Movilidad y Paz y Reconciliaci\u00f3n fueron las primeras carteras que tuvieron la oportunidad de exponer indicadores de gesti\u00f3n, adem\u00e1s de perspectivas y nuevos objetivos para el 2017.<\/p>\n<p>La programaci\u00f3n adelantada en el CAD, fue referenciada por los propios secretarios de despacho de la Gobernaci\u00f3n de Bol\u00edvar, como una actividad productiva y enriquecedora, que encamina los rumbos de gobierno, fortalece objetivos y vislumbra metas futuras.<\/p>\n<p>Como datos de importancia generados en esta din\u00e1mica de trabajo, el gobernador de Bol\u00edvar, inform\u00f3 ante su equipo la realizaci\u00f3n de la Rendici\u00f3n de Cuentas 2016, para el 16 de diciembre pr\u00f3ximo y la realizaci\u00f3n de la II Cumbre de Alcaldes de Bol\u00edvar, el 3 y 4 de febrero de 2017 en Santa Cruz de Mompox, con \u00e9nfasis en seguridad y educaci\u00f3n.<\/p>\n","protected":false},"excerpt":{"rendered":"<p>Calificada como una valiosa iniciativa de gobierno la cual permite conocer de primera mano el balance real entre prop\u00f3sitos pactados y cumplidos durante el a\u00f1o inicial del \u201cBol\u00edvar S\u00ed Avanza\u201d, el primer mandatario seccional, Dumek Turbay, presidi\u00f3 una importante actividad realizada en el sal\u00f3n de La Paz, en que la revisi\u00f3n de resultados y la planificaci\u00f3n de nuevas metas se convirtieron en consignas principales de la jornada sabatina de trabajo. Ya en lo competente al ejercicio de gobierno, cada secretario fue manifestando sus resultados, lo que a\u00fan se encuentra por&#8230; <\/p>\n","protected":false},"author":3,"featured_media":17594,"comment_status":"open","ping_status":"closed","sticky":false,"template":"","format":"standard","meta":{"footnotes":"","_links_to":"","_links_to_target":""},"categories":[75,33,80],"tags":[],"class_list":["post-17593","post","type-post","status-publish","format-standard","has-post-thumbnail","hentry","category-destacada","category-actualidad-bolivar","category-region"],"_links":{"self":[{"href":"https:\/\/revistazetta.com\/index.php?rest_route=\/wp\/v2\/posts\/17593","targetHints":{"allow":["GET"]}}],"collection":[{"href":"https:\/\/revistazetta.com\/index.php?rest_route=\/wp\/v2\/posts"}],"about":[{"href":"https:\/\/revistazetta.com\/index.php?rest_route=\/wp\/v2\/types\/post"}],"author":[{"embeddable":true,"href":"https:\/\/revistazetta.com\/index.php?rest_route=\/wp\/v2\/users\/3"}],"replies":[{"embeddable":true,"href":"https:\/\/revistazetta.com\/index.php?rest_route=%2Fwp%2Fv2%2Fcomments&post=17593"}],"version-history":[{"count":0,"href":"https:\/\/revistazetta.com\/index.php?rest_route=\/wp\/v2\/posts\/17593\/revisions"}],"wp:featuredmedia":[{"embeddable":true,"href":"https:\/\/revistazetta.com\/index.php?rest_route=\/wp\/v2\/media\/17594"}],"wp:attachment":[{"href":"https:\/\/revistazetta.com\/index.php?rest_route=%2Fwp%2Fv2%2Fmedia&parent=17593"}],"wp:term":[{"taxonomy":"category","embeddable":true,"href":"https:\/\/revistazetta.com\/index.php?rest_route=%2Fwp%2Fv2%2Fcategories&post=17593"},{"taxonomy":"post_tag","embeddable":true,"href":"https:\/\/revistazetta.com\/index.php?rest_route=%2Fwp%2Fv2%2Ftags&post=17593"}],"curies":[{"name":"wp","href":"https:\/\/api.w.org\/{rel}","templated":true}]}}