{"id":17606,"date":"2016-11-21T05:11:40","date_gmt":"2016-11-21T10:11:40","guid":{"rendered":"http:\/\/www.revistazetta.com\/?p=17606"},"modified":"2016-11-21T05:16:53","modified_gmt":"2016-11-21T10:16:53","slug":"restriccion-motos-parrilleros-seis-sectores-priorizados-se-amplia-ano","status":"publish","type":"post","link":"https:\/\/revistazetta.com\/?p=17606","title":{"rendered":"Restricci\u00f3n de motos con parrilleros en seis sectores priorizados se amplia por un a\u00f1o"},"content":{"rendered":"<p>El gobierno de Primero la Gente, teniendo en cuenta un an\u00e1lisis de seguridad realizado, ampli\u00f3 por un a\u00f1o m\u00e1s la medida que restringe el transporte de parrillero en moto en seis sectores priorizados de la ciudad a trav\u00e9s del Decreto 1645 del 17 de noviembre de 2016.<\/p>\n<p>Fernando Ni\u00f1o Mendoza, secretario del Interior y Convivencia Ciudadana, se\u00f1al\u00f3 que la medida cobija a los barrios Bocagrande, Laguito, Castillogrande, Manga, Pie de la Popa, Cabrero y Crespo, donde la puesta en marcha de la misma, por espacio de dos meses, influy\u00f3 notablemente en la baja de la ocurrencia de delitos de impacto como el homicidio, hurto a personas, lesiones personales, hurto a residencias y accidentes de tr\u00e1nsito.<\/p>\n<p>\u201cAnte estos hechos y teniendo en cuenta a estas comunidades, que se\u00f1alaron sentirse mucho m\u00e1s seguras, el Distrito extendi\u00f3 la medida por un a\u00f1o m\u00e1s en estos seis sectores\u201d, expres\u00f3 el Secretario del Interior.<\/p>\n<p>Sostuvo que se adelantan ejercicios en cuanto a seguridad para que en esta temporada de Navidad, fin de a\u00f1o y comienzo de a\u00f1o nuevo. <\/p>\n<p>Seg\u00fan el an\u00e1lisis de seguridad realizado por la administraci\u00f3n el homicidio ha disminuido un 94%, pues desde que se puso en vigencia la medida, hubo un solo caso de homicidio. Este ocurri\u00f3 en el barrio Pie de la Popa, lesiones personales habr\u00edan disminuido 93%, el hurto a personas un 66%, el hurto a residencias 89%. <\/p>\n<p><strong>Se except\u00faan de la medida<\/strong><\/p>\n<p>Teniendo en cuenta un requerimiento de las autoridades, se except\u00faan de esta medida las siguientes v\u00edas.<br \/>\nT\u00fanel de Crespo, desde el Anillo Vial hasta el retorno del nuevo puente del T\u00fanel de Crespo (frente a estaci\u00f3n de servicio Gazel), hacia Torices por el puente Alfonso Romero Aguirre.<\/p>\n<p>Avenida Santander desde el retorno del T\u00fanel de Crespo hasta la glorieta Santander. <\/p>\n<p>Carrera Primera (avenida Santander) tramo comprendido entre la glorieta Santander hasta el edificio Seguros Bol\u00edvar (calle 15).<\/p>\n<p>Tramo de la calle 15 comprendido entre la carrera primera hasta la carrera segunda (avenida San Mart\u00edn).<br \/>\nAvenida San Mart\u00edn, calzada derecha (este), tramo comprendido entre la calle 15 hasta la glorieta Santander, en sentido sur \u2013 norte.<\/p>\n<p>Calle 47 desde la intersecci\u00f3n con la avenida Santander hasta la carrera 14 del barrio Torices.<br \/>\nCalle 41 (avenida Rafael N\u00fa\u00f1ez) desde la avenida Santander (la Tenaza) hasta la avenida Luis Carlos L\u00f3pez (India Catalina) en ambos sentidos.<\/p>\n<p>Avenida Luis Carlos L\u00f3pez (Puerto Duro) desde la intersecci\u00f3n con la avenida Venezuela hasta la avenida Daniel Lemaitre. <\/p>\n<p>Avenida Concol\u00f3n desde la avenida Daniel Lemaitre hasta la calle 30.<\/p>\n<p>Calle 30 desde la intersecci\u00f3n de la avenida Concol\u00f3n hasta la carrera 17, en ambos sentidos.<\/p>\n<p>Tramo de la avenida del Lago comprendido entre la cerrera 17 hasta la transversal 38.<\/p>\n<p>El Decreto 1645 del 17 noviembre de 2016 proh\u00edbe la circulaci\u00f3n de motocicletas de cualquier modalidad y cilindraje, incluyendo las cuatrimotos, tricimotos, y motocarros  en los seis sectores cobijados con la medida.<\/p>\n<p>Se except\u00faan de esta restricci\u00f3n las motocicletas de los organismos de seguridad del Estado, Fuerzas Militares, Armada Nacional, Polic\u00eda Nacional, Cuerpo T\u00e9cnico de Investigaciones de la Fiscal\u00eda General de la Naci\u00f3n; autoridades de tr\u00e1nsito, personal organismos de socorro.<\/p>\n<p>Los miembros de la fuerza p\u00fablica y autoridades de tr\u00e1nsito para acceder a la excepci\u00f3n establecida en el decreto deber\u00e1n remitir a las oficinas del DATT la relaci\u00f3n de los veh\u00edculos de dichas entidades.<\/p>\n","protected":false},"excerpt":{"rendered":"<p>El gobierno de Primero la Gente, teniendo en cuenta un an\u00e1lisis de seguridad realizado, ampli\u00f3 por un a\u00f1o m\u00e1s la medida que restringe el transporte de parrillero en moto en seis sectores priorizados de la ciudad a trav\u00e9s del Decreto 1645 del 17 de noviembre de 2016. Fernando Ni\u00f1o Mendoza, secretario del Interior y Convivencia Ciudadana, se\u00f1al\u00f3 que la medida cobija a los barrios Bocagrande, Laguito, Castillogrande, Manga, Pie de la Popa, Cabrero y Crespo, donde la puesta en marcha de la misma, por espacio de dos meses, influy\u00f3 notablemente&#8230; <\/p>\n","protected":false},"author":3,"featured_media":0,"comment_status":"open","ping_status":"closed","sticky":false,"template":"","format":"standard","meta":{"footnotes":"","_links_to":"","_links_to_target":""},"categories":[32],"tags":[],"class_list":["post-17606","post","type-post","status-publish","format-standard","hentry","category-actualidad-distrito"],"_links":{"self":[{"href":"https:\/\/revistazetta.com\/index.php?rest_route=\/wp\/v2\/posts\/17606","targetHints":{"allow":["GET"]}}],"collection":[{"href":"https:\/\/revistazetta.com\/index.php?rest_route=\/wp\/v2\/posts"}],"about":[{"href":"https:\/\/revistazetta.com\/index.php?rest_route=\/wp\/v2\/types\/post"}],"author":[{"embeddable":true,"href":"https:\/\/revistazetta.com\/index.php?rest_route=\/wp\/v2\/users\/3"}],"replies":[{"embeddable":true,"href":"https:\/\/revistazetta.com\/index.php?rest_route=%2Fwp%2Fv2%2Fcomments&post=17606"}],"version-history":[{"count":0,"href":"https:\/\/revistazetta.com\/index.php?rest_route=\/wp\/v2\/posts\/17606\/revisions"}],"wp:attachment":[{"href":"https:\/\/revistazetta.com\/index.php?rest_route=%2Fwp%2Fv2%2Fmedia&parent=17606"}],"wp:term":[{"taxonomy":"category","embeddable":true,"href":"https:\/\/revistazetta.com\/index.php?rest_route=%2Fwp%2Fv2%2Fcategories&post=17606"},{"taxonomy":"post_tag","embeddable":true,"href":"https:\/\/revistazetta.com\/index.php?rest_route=%2Fwp%2Fv2%2Ftags&post=17606"}],"curies":[{"name":"wp","href":"https:\/\/api.w.org\/{rel}","templated":true}]}}