{"id":17619,"date":"2016-11-21T17:19:10","date_gmt":"2016-11-21T22:19:10","guid":{"rendered":"http:\/\/www.revistazetta.com\/?p=17619"},"modified":"2016-11-21T17:32:03","modified_gmt":"2016-11-21T22:32:03","slug":"cartagena-tendra-corridon","status":"publish","type":"post","link":"https:\/\/revistazetta.com\/?p=17619","title":{"rendered":"\u00a1Cartagena tendr\u00e1 un corrid\u00f3n!"},"content":{"rendered":"<div id=\"attachment_17623\" style=\"width: 217px\" class=\"wp-caption alignright\"><img loading=\"lazy\" decoding=\"async\" aria-describedby=\"caption-attachment-17623\" class=\"wp-image-17623 size-medium\" src=\"https:\/\/www.revistazetta.com\/wp-content\/uploads\/2016\/11\/3.-Cartel-definitivo-Cartagena-Enero-9-de-2017-207x300.jpg\" alt=\"3-cartel-definitivo-cartagena-enero-9-de-2017\" width=\"207\" height=\"300\" srcset=\"https:\/\/revistazetta.com\/wp-content\/uploads\/2016\/11\/3.-Cartel-definitivo-Cartagena-Enero-9-de-2017-207x300.jpg 207w, https:\/\/revistazetta.com\/wp-content\/uploads\/2016\/11\/3.-Cartel-definitivo-Cartagena-Enero-9-de-2017-101x146.jpg 101w, https:\/\/revistazetta.com\/wp-content\/uploads\/2016\/11\/3.-Cartel-definitivo-Cartagena-Enero-9-de-2017-35x50.jpg 35w, https:\/\/revistazetta.com\/wp-content\/uploads\/2016\/11\/3.-Cartel-definitivo-Cartagena-Enero-9-de-2017-52x75.jpg 52w, https:\/\/revistazetta.com\/wp-content\/uploads\/2016\/11\/3.-Cartel-definitivo-Cartagena-Enero-9-de-2017.jpg 326w\" sizes=\"auto, (max-width: 207px) 100vw, 207px\" \/><p id=\"caption-attachment-17623\" class=\"wp-caption-text\">Espectacular afiche promocional de la Feria de Cartagena de Indias 2017.<\/p><\/div>\n<p><strong>Por Ricardo L\u00f3pez Solano (Especial para Revista Zetta).-<\/strong> Tengo el gusto de entrevistar, noviembre 11, aqu\u00ed en el aeropuerto de Cartagena donde se encuentra a punto de partir hacia Madrid, a Don Manuel Mart\u00ednez Erice, \u201cChopera\u201d, Gerente de Taurodelta S. A, la empresa de mayor relevancia en el mundo taurino, con algo m\u00e1s de setenta 70 plazas gestionadas en Espa\u00f1a, Francia y Am\u00e9rica. Empresa que por 12 a\u00f1os, hasta este a\u00f1o, manej\u00f3 la organizaci\u00f3n de las corridas de la plaza de toros de Las Ventas de Madrid, con una asistencia promedio anual de un mill\u00f3n de personas. Pero lo m\u00e1s importante de todo, es que, asociado con el matador de toros franc\u00e9s Sebasti\u00e1n Castella, Empresa Chopera-Castella toros, a quien adem\u00e1s apodera, y gerenciada por Edgardo Pallares Bossa, dar\u00e1n una corrida de post\u00edn en la plaza de toros Cartagena de Indias el 9 de enero de 2017 a partir de las 5:00 PM.<\/p>\n<p><strong>-R. L. S.:<\/strong> Don Manuel h\u00e1blenos del c\u00e1rtel para el d\u00eda 9 de enero y del cual existe mucha expectativa no solo en Cartagena y la Costa Atl\u00e1ntica sino en Colombia.<\/p>\n<p><strong>-M. M. E.:<\/strong> Con mucha ilusi\u00f3n tanto de parte de Sebasti\u00e1n Castella como la mia, para el pr\u00f3ximo 9 de enero daremos en Cartagena una corrida de toros del Capiro de Sons\u00f3n, para cuatro figuras del toreo, entre los que se destacan el rejoneador espa\u00f1ol Pablo Hermoso de Mendoza quien lidiar\u00e1 dos toros, y al que le seguir\u00eda una terna de toreros de a pie encabezado por el propio Sebasti\u00e1n Castella, franc\u00e9s, el colombiano Luis Bol\u00edvar y el peruano Andr\u00e9s Roca Rey.<\/p>\n<p><strong>-R. L. S.:<\/strong> \u00bfPor cuantos a\u00f1os tendr\u00edan a su cargo la plaza de toros de Cartagena?<\/p>\n<p><strong>-M. M. E.:<\/strong> Bueno, Inicialmente el acuerdo ser\u00eda por una a\u00f1o, es lo que ser\u00eda como una especie de prueba, y si las cosas salen bien y las dos partes quedamos satisfechas, ya que a m\u00ed me gusta que los compromisos sean basados en la satisfacci\u00f3n mutua y no que nos obligue a algo que no estemos contentos, repito, que si el d\u00eda 9 de Enero por la noche o el d\u00eda 10 de por la ma\u00f1ana, tanto el ayuntamiento como nosotros nos encontramos satisfechos, bueno, entonces nos gustar\u00eda formalizar algo a largo plazo.<\/p>\n<p><strong>-R. L. S <\/strong>\u00bfDon Manuel qu\u00e9 lo ha atra\u00eddo a Cartagena?<\/p>\n<p><strong>-M. M. E.: <\/strong>A Cartagena he venido de la mano de Sebasti\u00e1n Castella. Pero hace dos a\u00f1os estuve aqu\u00ed en calidad de apoderado de Castella, y bueno desde el principio Sebasti\u00e1n me trasmiti\u00f3, porque no lo puede disimular, el amor enorme que \u00e9l siente por esta ciudad y sobre todo por Colombia, ya que como t\u00fa sabes, Castella est\u00e1 casado con un bogotana con la que tiene dos ni\u00f1as colombianas, y m\u00e1s precisamente de Cartagena, donde tiene domicilio y pasa mucho tiempo, y bueno, de ese amor que Sebasti\u00e1n siente por Cartagena, y consiente de que la plaza est\u00e1 pasando por un baj\u00f3n, pues fue el quien me trasmiti\u00f3 su inter\u00e9s por echarle una mano a esta ciudad, en su intento de recuperar esta plaza. Y bueno lo que me atrajo en lo personal de Cartagena, yo creo que cualquiera que tenga ojos tiene que maravillarse con esta ciudad, y es por eso que aqu\u00ed llegan millones de turistas al a\u00f1o ya que es es una ciudad absolutamente bell\u00edsima, y adem\u00e1s, deliciosa, y es que Cartagena es una ciudad donde da gusto pasear. Sus gentes son encantadoras, cualquier turista del mundo que viene a Cartagena queda cautivado.<\/p>\n<div id=\"attachment_17621\" style=\"width: 310px\" class=\"wp-caption alignright\"><img loading=\"lazy\" decoding=\"async\" aria-describedby=\"caption-attachment-17621\" class=\"wp-image-17621 size-medium\" src=\"https:\/\/www.revistazetta.com\/wp-content\/uploads\/2016\/11\/1.-Edgardo-Pallares-Manuel-Mart\u00ednez-y-Ricardo-L\u00f3pez-300x192.jpg\" width=\"300\" height=\"192\" srcset=\"https:\/\/revistazetta.com\/wp-content\/uploads\/2016\/11\/1.-Edgardo-Pallares-Manuel-Mart\u00ednez-y-Ricardo-L\u00f3pez-300x192.jpg 300w, https:\/\/revistazetta.com\/wp-content\/uploads\/2016\/11\/1.-Edgardo-Pallares-Manuel-Mart\u00ednez-y-Ricardo-L\u00f3pez-228x146.jpg 228w, https:\/\/revistazetta.com\/wp-content\/uploads\/2016\/11\/1.-Edgardo-Pallares-Manuel-Mart\u00ednez-y-Ricardo-L\u00f3pez-50x32.jpg 50w, https:\/\/revistazetta.com\/wp-content\/uploads\/2016\/11\/1.-Edgardo-Pallares-Manuel-Mart\u00ednez-y-Ricardo-L\u00f3pez-117x75.jpg 117w, https:\/\/revistazetta.com\/wp-content\/uploads\/2016\/11\/1.-Edgardo-Pallares-Manuel-Mart\u00ednez-y-Ricardo-L\u00f3pez.jpg 562w\" sizes=\"auto, (max-width: 300px) 100vw, 300px\" \/><p id=\"caption-attachment-17621\" class=\"wp-caption-text\">Edgardo Pallares Bossa, Manuel Mart\u00ednez Erice y Ricardo L\u00f3pez Solano.<\/p><\/div>\n<p><strong>-R. L. S.: <\/strong>Estamos de acuerdo. De mi parte, conozco bastante bien la historia taurina de esta ciudad, recuerdo que no hace muchos a\u00f1os aqu\u00ed en Cartagena se daban entre 5 a 6 corridas anuales, llenos completos. Por esa \u00e9poca las ferias taurinas de Cartagena fueron consideradas las m\u00e1s importantes de Colombia, incluso primero que la de Manizales. Precisamente Manizales corri\u00f3 sus fechas de corridas para cuando finalizaran las de Cartagena, lo que lo dice todo. Bueno, Don Manuel, no sobra decirle que para nosotros es una ilusi\u00f3n grande que una empresa como la que usted representa, asociado con Sebasti\u00e1n Castella y gerenciada por Edgardo Pallares, tomen las riendas de esta plaza y puedan llevarla nuevamente al sitial que le corresponde.<\/p>\n<p><strong>-M. M. E.: <\/strong>Si ya ten\u00eda conocimiento de que Cartagena taurinamente hablando tuvo muchos a\u00f1os de esplendor. Si no recuerdo mal, yo vine a Cartagena apoderando a Manuel Caballero te, estoy hablando del a\u00f1o 93 o 94, aunque tengo mala memoria, s\u00e9 que estuve aqu\u00ed. Entonces Cartagena florec\u00eda, es m\u00e1s la plaza de toros la tuvieron empresas espa\u00f1olas muy importantes como lo son los \u201cHermanos Lozano\u201d quienes la regentaron por varios a\u00f1os. La plaza como inmueble es buen\u00edsima, ya la estuvimos visitando y se encuentra en muy buen estado. Tambi\u00e9n me comentan que ahora cuentan con una l\u00ednea de autobuses que hacen muy f\u00e1cil su acceso, ya que antes era muy complicado. Es una realidad que algo se hecho mal en estos a\u00f1os para que una plaza con tanto esplendor y que funcionaba tan bien, y que ahorita mismo, no voy a decir que est\u00e1 muerta, porque es una palabra que no me gusta mencionar, pero est\u00e1 muy dormida, y est\u00e1 claro que la afici\u00f3n cartagenera igualmente est\u00e1 dormida, y bueno, para eso venimos ac\u00e1 con Castella con esta corrida, para que con la ayuda de todos despertemos a esta afici\u00f3n, y para que dentro de unos pocos a\u00f1os podamos traer de vuelta a Cartagena el esplendor taurino que por mucho tiempo tuvo.<\/p>\n<p><strong>-R. L. S.: <\/strong>Y aunque el escalaf\u00f3n no dicen quienes son los toreros que mejor torean, Sebasti\u00e1n Castella por su parte, en la temporada que acaba de terminar ocup\u00f3 el tercer lugar, y el peruano Andr\u00e9s Roca Rey, muy a pesar de la cogida que sufriera en M\u00e1laga en el mes de septiembre que lo llev\u00f3 a suspender la temporada hispana, muy a pesar de ello, termin\u00f3 ocupando el d\u00e9cimo lugar. Y en cuanto a Pablo Hermoso de Mendoza se refiere, aclarando que es el mejor rejoneador del mundo, termin\u00f3 compartiendo el primer lugar en corridas toreadas con el portugu\u00e9s Diego Ventura y con la francesa Lea Vicens.<\/p>\n<div id=\"attachment_17622\" style=\"width: 310px\" class=\"wp-caption alignright\"><img loading=\"lazy\" decoding=\"async\" aria-describedby=\"caption-attachment-17622\" class=\"wp-image-17622 size-medium\" src=\"https:\/\/www.revistazetta.com\/wp-content\/uploads\/2016\/11\/2.-Edgardo-Pallares-Alberto-Borda-y-Manuel-Mart\u00ednez-300x192.jpg\" alt=\"2-edgardo-pallares-alberto-borda-y-manuel-martinez\" width=\"300\" height=\"192\" srcset=\"https:\/\/revistazetta.com\/wp-content\/uploads\/2016\/11\/2.-Edgardo-Pallares-Alberto-Borda-y-Manuel-Mart\u00ednez-300x192.jpg 300w, https:\/\/revistazetta.com\/wp-content\/uploads\/2016\/11\/2.-Edgardo-Pallares-Alberto-Borda-y-Manuel-Mart\u00ednez-228x146.jpg 228w, https:\/\/revistazetta.com\/wp-content\/uploads\/2016\/11\/2.-Edgardo-Pallares-Alberto-Borda-y-Manuel-Mart\u00ednez-50x32.jpg 50w, https:\/\/revistazetta.com\/wp-content\/uploads\/2016\/11\/2.-Edgardo-Pallares-Alberto-Borda-y-Manuel-Mart\u00ednez-117x75.jpg 117w, https:\/\/revistazetta.com\/wp-content\/uploads\/2016\/11\/2.-Edgardo-Pallares-Alberto-Borda-y-Manuel-Mart\u00ednez.jpg 562w\" sizes=\"auto, (max-width: 300px) 100vw, 300px\" \/><p id=\"caption-attachment-17622\" class=\"wp-caption-text\">Edgardo Pallares Bossa, Alberto Borda Martelo y Manuel Mart\u00ednez Erice.<\/p><\/div>\n<p><strong>-M. M. E.:<\/strong> Compartiendo tu apreciaci\u00f3n, es la verdad, el escalaf\u00f3n y el n\u00famero de actuaciones no es lo que define a un buen torero, Jos\u00e9 Tom\u00e1s, por ejemplo, este a\u00f1o solo ha toreado de cuatro a cinco corridas, pero todos tenemos claro qui\u00e9n es. Por tanto, el escalaf\u00f3n no dice demasiado, yo creo que lo que dicen son los nombres y los hombres. Hablar de Pablo Hermoso de Mendoza es hablar simplemente del mejor Rejoneador de todos los tiempos, y es que en toda la historia del rejoneo no ha habido un caso como el de \u00e9l, como calidad de toreo y como capacidad para atraer gente a la plaza. Pablo Hermoso, concretamente en el continente americano, bueno en M\u00e9xico es un \u00eddolo, es el torero, digo torero no rejoneador, incluyendo a todos los toreros de a pie en el mundo, que m\u00e1s gente mueve, se present\u00f3 en Bogot\u00e1 y la revent\u00f3, se present\u00f3 en Cali y la revent\u00f3. Por eso yo entiendo que su presencia en Cartagena tiene que ser de much\u00edsimo inter\u00e9s. Por su parte, Sebasti\u00e1n Castella es el tercer torero franc\u00e9s m\u00e1s importante en la historia francesa, con much\u00edsimo cartel en Colombia, ya lleva 16 a\u00f1os de alternativa y yo creo que no ha fallado en ninguno de estos a\u00f1os en todas las ferias m\u00e1s importantes de Colombia. Ha tenido \u00e9xitos brutales en Bogot\u00e1, Manizales, en Medell\u00edn y en todo el pa\u00eds. Casi cartagenero en adopci\u00f3n, yo creo que Castella es alguien imprescindible en el c\u00e1rtel. L\u00f3gicamente hay que contar con una presencia colombiana, no porque nos obligue alguien, sino porque lo consideramos que as\u00ed debe de ser. Y bueno no se nos ocurre nadie mejor ahora mismo que Luis Bol\u00edvar. Yo creo que seguramente, y que me perdonen todos los dem\u00e1s, pero bueno pues, de los toreros colombianos Bol\u00edvar es el m\u00e1s importante de la actualidad: Yo creo, ese es mi punto de vista, que la guinda, la Guinda para la confecci\u00f3n de este gran pastel, es la presencia del Peruano Andr\u00e9s Roca Rey. Usted lo dec\u00eda, ocup\u00f3 el d\u00e9cimo lugar en el escalaf\u00f3n. Bueno en todo el tiempo que yo que llevo en mi vida taurina he visto pocos casos como el de Roca Rey. Es un chaval que en menos de un a\u00f1o pas\u00f3 de ser novillero con picadores a estar encabezando los escalafones del mundo taurino, hasta llegar a ser el que m\u00e1s nos interesa en el mundo. Sin lugar a dudas es un caso in\u00e9dito, es m\u00e1s siendo americano, por donde est\u00e1 yendo est\u00e1 creando much\u00edsimo inter\u00e9s. Bueno repito, creo que es la guinda de este gran cartel.<\/p>\n<p><strong>-R. L. S<\/strong>.: Por supuesto que es un excelente c\u00e1rtel. Precisamente, a la mano tengo los carteles de las principales ferias colombianas, incluida la de M\u00e9xico. En Cali Andr\u00e9s Roca Rey har\u00e1 el pase\u00edllo en dos tardes, al igual que Pablo Hermoso de Mendoza, y Luis Bol\u00edvar, por su parte, en una tarde. En Manizales Roca Rey una tarde y Sebasti\u00e1n Castella dos tardes. En Bogot\u00e1 est\u00e1n anunciados Castella, Bol\u00edvar y Pablo Hermoso, y en Medell\u00edn Andr\u00e9s Roca Rey har\u00e1 el pase\u00edllo en una tarde. En M\u00e9xico tanto Castella como Roca Rey van a actuar dos tardes cada uno. Y cabe recordar que en la plaza de toros de Acho, Per\u00fa, Roca Rey acaba de obtener un triunfo important\u00edsimo.<\/p>\n<p>&#8211;<strong>M. M. E.:<\/strong> Es l\u00f3gico que las plazas m\u00e1s importantes cuenten con los toreros m\u00e1s importantes. Y estas plazas que has mencionando, y que son las m\u00e1s importantes de Am\u00e9rica, pues l\u00f3gicamente cuentan con estos toreros en una, en dos y hasta en tres tardes. Y que sean Pablo Hermoso, Castella y Roca Rey los tres extranjeros de mayor inter\u00e9s en Colombia, en Sudam\u00e9rica y en M\u00e9xico, pues ah\u00ed est\u00e1n las pruebas. Y si a esta tripleta la rematamos con un torero colombiano tan importante como Luis Bol\u00edvar, repito, a mi juicio, podr\u00eda decir, que este es un cartel inmejorable.<\/p>\n<p><strong>-R. L. S<\/strong>.: Por Supuesto que s\u00ed. Y recordemos adem\u00e1s que Pablo Hermoso de Mendoza cerr\u00f3 muy bien la temporada espa\u00f1ola en Zaragoza. Por su lado, la actuaci\u00f3n de Sebasti\u00e1n Castella en el mes de septiembre en Sevilla fue esplendida. Y de Roca Rey, ni se diga. Una l\u00e1stima lo del par\u00f3n por lo de la cogida de M\u00e1laga. Sino, mejor dicho.<\/p>\n<p><strong>-M.<\/strong> <strong>M. E.:<\/strong> Totalmente de acuerdo. En cuanto a la temporada de Sebasti\u00e1n Castella esta ha sido una temporada muy importante para \u00e9l. Y como dec\u00edas, ha quedado de tercero en el escalaf\u00f3n, y adem\u00e1s ha estado presente en todas ferias espa\u00f1olas. L\u00f3gicamente el nivel de la temporada anterior es pr\u00e1cticamente imposible de igualar, ya que la temporada anterior fue algo fuera de lo normal. Pero bueno, esta ha sido una temporada muy importante para \u00e9l con triunfos important\u00edsimos, y sobre todo hemos tenido suerte y acierto en este caso con el matador, y en donde con mayor altura ha brillado este a\u00f1o fue al final. La verdad que la encerrona que tuvo en Nimes con seis toros de Adolfo Martin se puede calificar como de un evento hist\u00f3rico. Y bueno, en su \u00faltima actuaci\u00f3n de la temporada en la plaza de toros de la Maestranza de Sevilla donde roz\u00f3 la Puerta del Pr\u00edncipe, ha sido muy cantada por la prensa y muy bien guardada por la afici\u00f3n. Y es por todas estas razones que estamos muy contentos. Y yo creo, en lo personal, que Castella ha dejado muy bien las cosas para la temporada que viene.<\/p>\n<p><strong>-R. L. S<\/strong>.: Don Manuel, nos encontramos encantad\u00edsimos de que con Sebasti\u00e1n Castella y con la gerencia de Edgardo Pallares, tomen las riendas de esta plaza tan importante para los cartageneros, para toda la gente del Caribe, como Panam\u00e1 y las Antillas, y para Colombia, por supuesto. De verdad Don Manuel que nos sentimos sumamente contentos con que usted y Castella, a la mano de Edgardo se encarguen del futuro de la Plaza de Toros de Cartagena de Indias.<\/p>\n<p><strong>-M.<\/strong> <strong>M. E.:<\/strong> Le Agradezco much\u00edsimo sus palabras. Nosotros igualmente estamos encantados con esta oportunidad que se nos brinda. Esta, por supuesto, es una aventura muy cargada de romanticismos, porque sabemos que la empresa no es ser\u00e1 f\u00e1cil. Pero bueno, la afrontaremos con toda la ilusi\u00f3n del mundo, y ojala y Dios quiera se cumpla esos vaticinios, y que a la afici\u00f3n le vuelva el inter\u00e9s por los toros, y que poquito a poco seamos capaces de devolver a Cartagena todo el esplendor taurino como a bien se lo merece.<\/p>\n<p><strong>-R. L. S<\/strong>.: \u00bfY cu\u00e1ndo regresa a Cartagena?<\/p>\n<p><strong>-M.<\/strong> <strong>M. E.:<\/strong> Dentro de diez o doce d\u00edas a fin de seguir trabajando en este maravilloso proyecto. Y bueno, no me resta m\u00e1s que agradecer a toda la gente de Cartagena por su trato y su afecto. Y a esperar el d\u00eda 9 de Enero, y ojala y Dios quiera nos veamos todos en la Plaza de toros con un lleno, para que sea convierta en un punto de partida de algo importante. Un abrazo para todos.<\/p>\n<p>&nbsp;<\/p>\n","protected":false},"excerpt":{"rendered":"<p>Por Ricardo L\u00f3pez Solano (Especial para Revista Zetta).- Tengo el gusto de entrevistar, noviembre 11, aqu\u00ed en el aeropuerto de Cartagena donde se encuentra a punto de partir hacia Madrid, a Don Manuel Mart\u00ednez Erice, \u201cChopera\u201d, Gerente de Taurodelta S. A, la empresa de mayor relevancia en el mundo taurino, con algo m\u00e1s de setenta 70 plazas gestionadas en Espa\u00f1a, Francia y Am\u00e9rica. Empresa que por 12 a\u00f1os, hasta este a\u00f1o, manej\u00f3 la organizaci\u00f3n de las corridas de la plaza de toros de Las Ventas de Madrid, con una asistencia&#8230; <\/p>\n","protected":false},"author":3,"featured_media":17620,"comment_status":"open","ping_status":"closed","sticky":false,"template":"","format":"standard","meta":{"footnotes":"","_links_to":"","_links_to_target":""},"categories":[41,75,42],"tags":[],"class_list":["post-17619","post","type-post","status-publish","format-standard","has-post-thumbnail","hentry","category-cultura","category-destacada","category-cultura-toros"],"_links":{"self":[{"href":"https:\/\/revistazetta.com\/index.php?rest_route=\/wp\/v2\/posts\/17619","targetHints":{"allow":["GET"]}}],"collection":[{"href":"https:\/\/revistazetta.com\/index.php?rest_route=\/wp\/v2\/posts"}],"about":[{"href":"https:\/\/revistazetta.com\/index.php?rest_route=\/wp\/v2\/types\/post"}],"author":[{"embeddable":true,"href":"https:\/\/revistazetta.com\/index.php?rest_route=\/wp\/v2\/users\/3"}],"replies":[{"embeddable":true,"href":"https:\/\/revistazetta.com\/index.php?rest_route=%2Fwp%2Fv2%2Fcomments&post=17619"}],"version-history":[{"count":0,"href":"https:\/\/revistazetta.com\/index.php?rest_route=\/wp\/v2\/posts\/17619\/revisions"}],"wp:featuredmedia":[{"embeddable":true,"href":"https:\/\/revistazetta.com\/index.php?rest_route=\/wp\/v2\/media\/17620"}],"wp:attachment":[{"href":"https:\/\/revistazetta.com\/index.php?rest_route=%2Fwp%2Fv2%2Fmedia&parent=17619"}],"wp:term":[{"taxonomy":"category","embeddable":true,"href":"https:\/\/revistazetta.com\/index.php?rest_route=%2Fwp%2Fv2%2Fcategories&post=17619"},{"taxonomy":"post_tag","embeddable":true,"href":"https:\/\/revistazetta.com\/index.php?rest_route=%2Fwp%2Fv2%2Ftags&post=17619"}],"curies":[{"name":"wp","href":"https:\/\/api.w.org\/{rel}","templated":true}]}}