{"id":17626,"date":"2016-11-21T22:29:53","date_gmt":"2016-11-22T03:29:53","guid":{"rendered":"http:\/\/www.revistazetta.com\/?p=17626"},"modified":"2016-11-21T22:29:53","modified_gmt":"2016-11-22T03:29:53","slug":"bolivar-tambien-participa-la-construccion-una-colombia-mas-educada","status":"publish","type":"post","link":"https:\/\/revistazetta.com\/?p=17626","title":{"rendered":"Bol\u00edvar tambi\u00e9n participa en la construcci\u00f3n de una Colombia m\u00e1s educada"},"content":{"rendered":"<p>El secretario de Educaci\u00f3n de Bol\u00edvar, Manuel Antonio Azuero Angulo, particip\u00f3 en nombre de la administraci\u00f3n del gobierno del \u201cBol\u00edvar S\u00ed Avanza\u201d, en la construcci\u00f3n colectiva del Plan Nacional Decenal de Educaci\u00f3n 2016-2026, que busca hacer de Colombia la m\u00e1s educada.<\/p>\n<p>M\u00e1s de 150 personas de las Secretar\u00edas de Educaci\u00f3n de Cartagena y  Bol\u00edvar, aliados con  la Universidad de Cartagena y la red de Instituciones de Educaci\u00f3n Superior del Caribe, fueron convocadas para aportar a la construcci\u00f3n colectiva de  un conjunto de prop\u00f3sitos, visiones, objetivos y acciones que expresen la voluntad de los bolivarenses en materia educativa.<\/p>\n<p>\u201cSomos un gobierno de resultados que concibe la educaci\u00f3n como un instrumento de igualdad social, que tiene como meta avanzar en la conformaci\u00f3n de un sistema educativo universal de calidad\u201d, asegur\u00f3 Azuero Angulo.<\/p>\n<p>Por su parte, Natalia Manrique Manrique, asesora territorial del Plan Nacional Decenal de Educaci\u00f3n, del Ministerio de Educaci\u00f3n, asegur\u00f3 que este foro es uno de los pasos m\u00e1s importante del Plan Decenal, \u201cde aqu\u00ed sale el insumo que va hacer el cap\u00edtulo del departamento en el Plan, Bol\u00edvar va a tener un t\u00edtulo especial que muestre sus necesidades a nivel de  educaci\u00f3n y que se construye desde las bases\u201d, dijo la funcionaria.<\/p>\n<p>\u201cPara nosotros es un reconocimiento que hace el Ministerio de Educaci\u00f3n Nacional, dado el compromiso tangible que ha expresado la Universidad de Cartagena con esta pol\u00edtica de fomento, cobertura y aseguramiento de la calidad expresada a trav\u00e9s de la acreditaci\u00f3n  de alta calidad de programas y el sostenimiento de la acreditaci\u00f3n institucional\u201d, asever\u00f3 Edgar Parra Chac\u00f3n, rector Universidad de Cartagena.<\/p>\n","protected":false},"excerpt":{"rendered":"<p>El secretario de Educaci\u00f3n de Bol\u00edvar, Manuel Antonio Azuero Angulo, particip\u00f3 en nombre de la administraci\u00f3n del gobierno del \u201cBol\u00edvar S\u00ed Avanza\u201d, en la construcci\u00f3n colectiva del Plan Nacional Decenal de Educaci\u00f3n 2016-2026, que busca hacer de Colombia la m\u00e1s educada. M\u00e1s de 150 personas de las Secretar\u00edas de Educaci\u00f3n de Cartagena y Bol\u00edvar, aliados con la Universidad de Cartagena y la red de Instituciones de Educaci\u00f3n Superior del Caribe, fueron convocadas para aportar a la construcci\u00f3n colectiva de un conjunto de prop\u00f3sitos, visiones, objetivos y acciones que expresen la&#8230; <\/p>\n","protected":false},"author":3,"featured_media":17629,"comment_status":"open","ping_status":"closed","sticky":false,"template":"","format":"standard","meta":{"footnotes":"","_links_to":"","_links_to_target":""},"categories":[33],"tags":[],"class_list":["post-17626","post","type-post","status-publish","format-standard","has-post-thumbnail","hentry","category-actualidad-bolivar"],"_links":{"self":[{"href":"https:\/\/revistazetta.com\/index.php?rest_route=\/wp\/v2\/posts\/17626","targetHints":{"allow":["GET"]}}],"collection":[{"href":"https:\/\/revistazetta.com\/index.php?rest_route=\/wp\/v2\/posts"}],"about":[{"href":"https:\/\/revistazetta.com\/index.php?rest_route=\/wp\/v2\/types\/post"}],"author":[{"embeddable":true,"href":"https:\/\/revistazetta.com\/index.php?rest_route=\/wp\/v2\/users\/3"}],"replies":[{"embeddable":true,"href":"https:\/\/revistazetta.com\/index.php?rest_route=%2Fwp%2Fv2%2Fcomments&post=17626"}],"version-history":[{"count":0,"href":"https:\/\/revistazetta.com\/index.php?rest_route=\/wp\/v2\/posts\/17626\/revisions"}],"wp:featuredmedia":[{"embeddable":true,"href":"https:\/\/revistazetta.com\/index.php?rest_route=\/wp\/v2\/media\/17629"}],"wp:attachment":[{"href":"https:\/\/revistazetta.com\/index.php?rest_route=%2Fwp%2Fv2%2Fmedia&parent=17626"}],"wp:term":[{"taxonomy":"category","embeddable":true,"href":"https:\/\/revistazetta.com\/index.php?rest_route=%2Fwp%2Fv2%2Fcategories&post=17626"},{"taxonomy":"post_tag","embeddable":true,"href":"https:\/\/revistazetta.com\/index.php?rest_route=%2Fwp%2Fv2%2Ftags&post=17626"}],"curies":[{"name":"wp","href":"https:\/\/api.w.org\/{rel}","templated":true}]}}