{"id":17628,"date":"2016-11-21T22:27:40","date_gmt":"2016-11-22T03:27:40","guid":{"rendered":"http:\/\/www.revistazetta.com\/?p=17628"},"modified":"2016-11-21T22:27:40","modified_gmt":"2016-11-22T03:27:40","slug":"traves-del-pes-pr-alcaldia-vigila-nutricion-poblacion-vulnerable","status":"publish","type":"post","link":"https:\/\/revistazetta.com\/?p=17628","title":{"rendered":"A trav\u00e9s del PES-PR, Alcald\u00eda vigila nutrici\u00f3n de poblaci\u00f3n vulnerable"},"content":{"rendered":"<p>M\u00e1s de seiscientos ni\u00f1os y  m\u00e1s de cuatrocientas madres entre lactantes y gestantes han sido valoradas  en su estado de nutrici\u00f3n a trav\u00e9s de la implementaci\u00f3n de la Pol\u00edtica P\u00fablica de Seguridad Alimentaria impulsada por el Alcalde de Cartagena Manolo Duque a trav\u00e9s del Plan de Emergencia Social Pedro Romero. <\/p>\n<p>Javier Lora Jim\u00e9nez, director del PES-PR, explic\u00f3 que a trav\u00e9s del programa de Seguridad Alimentaria y Nutrici\u00f3n, la administraci\u00f3n distrital ha focalizado atenci\u00f3n prioritaria en 25 sectores de la ciudad y sus corregimientos, donde se encuentran concentradas familias en situaci\u00f3n de pobreza extrema. En estos  lugares se ha logrado valorar y caracterizar nutricionalmente a 671 ni\u00f1os menores de cinco a\u00f1os y 415 madres gestantes y lactantes, que se han remitido al ente de salud correspondiente cuando se han encontrado casos que ameriten atenci\u00f3n urgente.<\/p>\n<p>Asegur\u00f3 el funcionario que la jornada m\u00e1s reciente de atenci\u00f3n preferente del PES-PR en Seguridad Alimentaria y Nutrici\u00f3n se desarroll\u00f3 en el Centro de Atenci\u00f3n Integral Pedro Romero en Ciudad Bicentenario, donde adem\u00e1s de la valoraci\u00f3n que realiza la entidad, tambi\u00e9n se articul\u00f3 atenci\u00f3n prioritaria con las EPS Coosalud, Mutual Ser y la IPS Hospital Infantil Napole\u00f3n Franco Pareja Casa del Ni\u00f1o, entidades con las cuales se articularon servicios de vacunaci\u00f3n infantil, promoci\u00f3n de salud oral, citolog\u00edas, consultas de medicina general y promoci\u00f3n de salud sexual y reproductiva.<\/p>\n","protected":false},"excerpt":{"rendered":"<p>M\u00e1s de seiscientos ni\u00f1os y m\u00e1s de cuatrocientas madres entre lactantes y gestantes han sido valoradas en su estado de nutrici\u00f3n a trav\u00e9s de la implementaci\u00f3n de la Pol\u00edtica P\u00fablica de Seguridad Alimentaria impulsada por el Alcalde de Cartagena Manolo Duque a trav\u00e9s del Plan de Emergencia Social Pedro Romero. Javier Lora Jim\u00e9nez, director del PES-PR, explic\u00f3 que a trav\u00e9s del programa de Seguridad Alimentaria y Nutrici\u00f3n, la administraci\u00f3n distrital ha focalizado atenci\u00f3n prioritaria en 25 sectores de la ciudad y sus corregimientos, donde se encuentran concentradas familias en situaci\u00f3n&#8230; <\/p>\n","protected":false},"author":3,"featured_media":17631,"comment_status":"open","ping_status":"closed","sticky":false,"template":"","format":"standard","meta":{"footnotes":"","_links_to":"","_links_to_target":""},"categories":[32],"tags":[],"class_list":["post-17628","post","type-post","status-publish","format-standard","has-post-thumbnail","hentry","category-actualidad-distrito"],"_links":{"self":[{"href":"https:\/\/revistazetta.com\/index.php?rest_route=\/wp\/v2\/posts\/17628","targetHints":{"allow":["GET"]}}],"collection":[{"href":"https:\/\/revistazetta.com\/index.php?rest_route=\/wp\/v2\/posts"}],"about":[{"href":"https:\/\/revistazetta.com\/index.php?rest_route=\/wp\/v2\/types\/post"}],"author":[{"embeddable":true,"href":"https:\/\/revistazetta.com\/index.php?rest_route=\/wp\/v2\/users\/3"}],"replies":[{"embeddable":true,"href":"https:\/\/revistazetta.com\/index.php?rest_route=%2Fwp%2Fv2%2Fcomments&post=17628"}],"version-history":[{"count":0,"href":"https:\/\/revistazetta.com\/index.php?rest_route=\/wp\/v2\/posts\/17628\/revisions"}],"wp:featuredmedia":[{"embeddable":true,"href":"https:\/\/revistazetta.com\/index.php?rest_route=\/wp\/v2\/media\/17631"}],"wp:attachment":[{"href":"https:\/\/revistazetta.com\/index.php?rest_route=%2Fwp%2Fv2%2Fmedia&parent=17628"}],"wp:term":[{"taxonomy":"category","embeddable":true,"href":"https:\/\/revistazetta.com\/index.php?rest_route=%2Fwp%2Fv2%2Fcategories&post=17628"},{"taxonomy":"post_tag","embeddable":true,"href":"https:\/\/revistazetta.com\/index.php?rest_route=%2Fwp%2Fv2%2Ftags&post=17628"}],"curies":[{"name":"wp","href":"https:\/\/api.w.org\/{rel}","templated":true}]}}