{"id":17636,"date":"2016-11-22T15:47:18","date_gmt":"2016-11-22T20:47:18","guid":{"rendered":"http:\/\/www.revistazetta.com\/?p=17636"},"modified":"2016-11-22T15:47:18","modified_gmt":"2016-11-22T20:47:18","slug":"herber-mantilla-nuevo-presidente-encargado-asocajas","status":"publish","type":"post","link":"https:\/\/revistazetta.com\/?p=17636","title":{"rendered":"Herber Mantilla, nuevo presidente encargado  de Asocajas"},"content":{"rendered":"<p>La Asociaci\u00f3n Nacional de Cajas de compensaci\u00f3n Familiar, a trav\u00e9s de su Junta Directiva que preside el Lu\u00eds Gonzalo Giraldo Mar\u00edn, anunci\u00f3 que Herber Andr\u00e9s Mantilla G\u00f3mez asumir\u00e1, en calidad de encargado, como Presidente de la agremiaci\u00f3n.<\/p>\n<p>La designaci\u00f3n del actual Vicepresidente de ASOCAJAS como encargado de la presidencia ejecutiva, sobreviene luego del reciente fallecimiento del Dr. Alvaro Jos\u00e9 Cobo Soto, quien estuvo al frente de la entidad por m\u00e1s de 13 a\u00f1os entre 2003 y 2016. <\/p>\n<p>Mantilla G\u00f3mez, actual Vicepresidente Ejecutivo del gremio, y quien ha desempa\u00f1ado esta labor por 3 a\u00f1os,  es abogado de la Universidad del Norte (Barranquilla),  Magister en Direcci\u00f3n y Gesti\u00f3n de los Sistemas de Seguridad Social, Universidad de Alcal\u00e1, Madrid (Espa\u00f1a) y especialista en Derecho Econ\u00f3mico de los Mercados. <\/p>\n<p>En desarrollo de su ejercicio profesional, se ha desempe\u00f1ado como Procurador Judicial Laboral en la Procuradur\u00eda General de la Naci\u00f3n; Asesor en la misma entidad en asuntos del Trabajo y la Seguridad Social. Tambi\u00e9n form\u00f3 parte de la Vicepresidencia Jur\u00eddica del Banco Agrario de Colombia y de la secci\u00f3n segunda del Consejo de Estado. En sus funciones como Vicepresidente Ejecutivo ha representado a Asocajas en diferentes eventos nacionales e internacionales, ha tenido bajo se gesti\u00f3n los lineamientos estrat\u00e9gicos del gremio, as\u00ed como el desarrollo de eventos acad\u00e9micos e investigaciones institucionales.<\/p>\n<p> \u201cEs un reto para m\u00ed asumir la Presidencia de una agremiaci\u00f3n tan importante como lo es Asocajas. Defender el bienestar y la calidad de vida para m\u00e1s de 23 millones de colombianos, a trav\u00e9s del Sistema del Subsidio familiar es todo un desaf\u00edo, pero a la vez mi mayor motivaci\u00f3n, porque son las Cajas de Compensaci\u00f3n Familiar una herramienta de equidad para la poblaci\u00f3n. Sin duda, esta designaci\u00f3n de la Junta Directiva como Presidente Ejecutivo, es para m\u00ed un honor y una responsabilidad que asumir\u00e9 con mi mayor compromiso y gratitud, dos valores que aprend\u00ed del Dr. \u00c1lvaro Jos\u00e9 Cobo Soto (Q.E.P.D) y quien  abander\u00f3 de forma extraordinaria la promoci\u00f3n y desarrollo del modelo de subsidio familiar\u201d, destac\u00f3 Mantilla.<\/p>\n","protected":false},"excerpt":{"rendered":"<p>La Asociaci\u00f3n Nacional de Cajas de compensaci\u00f3n Familiar, a trav\u00e9s de su Junta Directiva que preside el Lu\u00eds Gonzalo Giraldo Mar\u00edn, anunci\u00f3 que Herber Andr\u00e9s Mantilla G\u00f3mez asumir\u00e1, en calidad de encargado, como Presidente de la agremiaci\u00f3n. La designaci\u00f3n del actual Vicepresidente de ASOCAJAS como encargado de la presidencia ejecutiva, sobreviene luego del reciente fallecimiento del Dr. Alvaro Jos\u00e9 Cobo Soto, quien estuvo al frente de la entidad por m\u00e1s de 13 a\u00f1os entre 2003 y 2016. Mantilla G\u00f3mez, actual Vicepresidente Ejecutivo del gremio, y quien ha desempa\u00f1ado esta labor&#8230; <\/p>\n","protected":false},"author":3,"featured_media":17637,"comment_status":"open","ping_status":"closed","sticky":false,"template":"","format":"standard","meta":{"footnotes":"","_links_to":"","_links_to_target":""},"categories":[2],"tags":[],"class_list":["post-17636","post","type-post","status-publish","format-standard","has-post-thumbnail","hentry","category-actualidad"],"_links":{"self":[{"href":"https:\/\/revistazetta.com\/index.php?rest_route=\/wp\/v2\/posts\/17636","targetHints":{"allow":["GET"]}}],"collection":[{"href":"https:\/\/revistazetta.com\/index.php?rest_route=\/wp\/v2\/posts"}],"about":[{"href":"https:\/\/revistazetta.com\/index.php?rest_route=\/wp\/v2\/types\/post"}],"author":[{"embeddable":true,"href":"https:\/\/revistazetta.com\/index.php?rest_route=\/wp\/v2\/users\/3"}],"replies":[{"embeddable":true,"href":"https:\/\/revistazetta.com\/index.php?rest_route=%2Fwp%2Fv2%2Fcomments&post=17636"}],"version-history":[{"count":0,"href":"https:\/\/revistazetta.com\/index.php?rest_route=\/wp\/v2\/posts\/17636\/revisions"}],"wp:featuredmedia":[{"embeddable":true,"href":"https:\/\/revistazetta.com\/index.php?rest_route=\/wp\/v2\/media\/17637"}],"wp:attachment":[{"href":"https:\/\/revistazetta.com\/index.php?rest_route=%2Fwp%2Fv2%2Fmedia&parent=17636"}],"wp:term":[{"taxonomy":"category","embeddable":true,"href":"https:\/\/revistazetta.com\/index.php?rest_route=%2Fwp%2Fv2%2Fcategories&post=17636"},{"taxonomy":"post_tag","embeddable":true,"href":"https:\/\/revistazetta.com\/index.php?rest_route=%2Fwp%2Fv2%2Ftags&post=17636"}],"curies":[{"name":"wp","href":"https:\/\/api.w.org\/{rel}","templated":true}]}}