{"id":17638,"date":"2016-11-22T16:13:08","date_gmt":"2016-11-22T21:13:08","guid":{"rendered":"http:\/\/www.revistazetta.com\/?p=17638"},"modified":"2016-11-23T16:20:37","modified_gmt":"2016-11-23T21:20:37","slug":"segundo-foro-los-100-anos-camara-comercio-cartagena","status":"publish","type":"post","link":"https:\/\/revistazetta.com\/?p=17638","title":{"rendered":"Segundo foro sobre los 100 a\u00f1os de C\u00e1mara de Comercio de Cartagena"},"content":{"rendered":"<p>Con motivo de la conmemoraci\u00f3n de sus 100 a\u00f1os de fundaci\u00f3n la C\u00e1mara de Comercio de Cartagena, se desarrollar\u00e1 un foro que tiene como finalidad presentar los resultados del proceso de construcci\u00f3n colectiva que lider\u00f3 la entidad durante el 2016.<\/p>\n<p>Desarrollo econ\u00f3mico en el posconflicto, es el eje fundamental de este segundo foro que busca definir una cartera de proyectos que permitan cerrar las brechas de competitividad que tiene la regi\u00f3n Caribe.El evento conserva el mismo nombre del a\u00f1o anterior: \u201cConstrucci\u00f3n colectiva de un patrimonio de la humanidad memoria del pasado, conciencia del presente e inteligencia del futuro\u201d. Se desarrollar\u00e1 el pr\u00f3ximo 6 y 7 de diciembre, en el Centro de Convenciones Cartagena de Indias, es gratuito y contar\u00e1 con la presencia de panelistas y conferencistas nacionales e internacionales.<\/p>\n<p>Mar\u00eda Claudia P\u00e1ez Mallarino, Presidenta Ejecutiva de la C\u00e1mara de Comercio de Cartagena, invita a todos los cartageneros a participar \u201cSe pueden inscribir a trav\u00e9s de nuestra p\u00e1gina web www.cccartagena.org.co. Para que juntos hagamos parte de la construcci\u00f3n de un mejor futuro para la regi\u00f3n\u201d.<\/p>\n<p>Algunos de los temas a tratar durante esta segunda versi\u00f3n son:<\/p>\n<p>1.      Desarrollo rural productivo<br \/>\n2.       Inclusi\u00f3n social en la zona de influencia de la Ci\u00e9naga de La Virgen<br \/>\n3.       Cultura como impulsor del turismo<br \/>\n4.       Innovaci\u00f3n para el desarrollo econ\u00f3mico<\/p>\n","protected":false},"excerpt":{"rendered":"<p>Con motivo de la conmemoraci\u00f3n de sus 100 a\u00f1os de fundaci\u00f3n la C\u00e1mara de Comercio de Cartagena, se desarrollar\u00e1 un foro que tiene como finalidad presentar los resultados del proceso de construcci\u00f3n colectiva que lider\u00f3 la entidad durante el 2016. Desarrollo econ\u00f3mico en el posconflicto, es el eje fundamental de este segundo foro que busca definir una cartera de proyectos que permitan cerrar las brechas de competitividad que tiene la regi\u00f3n Caribe.El evento conserva el mismo nombre del a\u00f1o anterior: \u201cConstrucci\u00f3n colectiva de un patrimonio de la humanidad memoria del&#8230; <\/p>\n","protected":false},"author":3,"featured_media":17639,"comment_status":"open","ping_status":"closed","sticky":false,"template":"","format":"standard","meta":{"footnotes":"","_links_to":"","_links_to_target":""},"categories":[81,75],"tags":[],"class_list":["post-17638","post","type-post","status-publish","format-standard","has-post-thumbnail","hentry","category-camara","category-destacada"],"_links":{"self":[{"href":"https:\/\/revistazetta.com\/index.php?rest_route=\/wp\/v2\/posts\/17638","targetHints":{"allow":["GET"]}}],"collection":[{"href":"https:\/\/revistazetta.com\/index.php?rest_route=\/wp\/v2\/posts"}],"about":[{"href":"https:\/\/revistazetta.com\/index.php?rest_route=\/wp\/v2\/types\/post"}],"author":[{"embeddable":true,"href":"https:\/\/revistazetta.com\/index.php?rest_route=\/wp\/v2\/users\/3"}],"replies":[{"embeddable":true,"href":"https:\/\/revistazetta.com\/index.php?rest_route=%2Fwp%2Fv2%2Fcomments&post=17638"}],"version-history":[{"count":0,"href":"https:\/\/revistazetta.com\/index.php?rest_route=\/wp\/v2\/posts\/17638\/revisions"}],"wp:featuredmedia":[{"embeddable":true,"href":"https:\/\/revistazetta.com\/index.php?rest_route=\/wp\/v2\/media\/17639"}],"wp:attachment":[{"href":"https:\/\/revistazetta.com\/index.php?rest_route=%2Fwp%2Fv2%2Fmedia&parent=17638"}],"wp:term":[{"taxonomy":"category","embeddable":true,"href":"https:\/\/revistazetta.com\/index.php?rest_route=%2Fwp%2Fv2%2Fcategories&post=17638"},{"taxonomy":"post_tag","embeddable":true,"href":"https:\/\/revistazetta.com\/index.php?rest_route=%2Fwp%2Fv2%2Ftags&post=17638"}],"curies":[{"name":"wp","href":"https:\/\/api.w.org\/{rel}","templated":true}]}}