{"id":17644,"date":"2016-11-22T17:27:22","date_gmt":"2016-11-22T22:27:22","guid":{"rendered":"http:\/\/www.revistazetta.com\/?p=17644"},"modified":"2016-11-23T16:20:19","modified_gmt":"2016-11-23T21:20:19","slug":"distrito-emprende-iniciativa-cartagena-una-ciudad-sostenible-traves-del-reciclaje","status":"publish","type":"post","link":"https:\/\/revistazetta.com\/?p=17644","title":{"rendered":"Reciclaje para una ciudad sostenible"},"content":{"rendered":"<p>La Alcald\u00eda de Cartagena inicia desde el pr\u00f3ximo 23 de noviembre el proyecto que busca el fortalecimiento fortalecimiento de la prestaci\u00f3n del servicio p\u00fablico de aseo en actividades de aprovechamiento de los recicladores de oficio que operan en la Unidad Comunera No. 1 del Distrito.<\/p>\n<p>De acuerdo a la asesora de Servicios P\u00fabicos, Melissa Franco, dicho proyecto est\u00e1 contemplado para ejecutarse en cinco unidades comuneras durante cuatro a\u00f1os. La etapa inicial ser\u00e1 en la Unidad Comunera 1, que comprende los barrios Bocagrande, Castillogrande, Centro, Chambac\u00fa, Crespo, El Cabrero, El Laguito, Getseman\u00ed, La Matuna, Manga, Marbella, Pie de La Popa y San Diego, debido a que all\u00ed confluyen todos los tipos de usuarios: comerciales, residenciales e industriales y es la zona que m\u00e1s residuos aprovechables genera y adem\u00e1s se puede explotar el potencial tur\u00edstico de esta zona.<\/p>\n<p>A partir del 23 de Noviembre hasta el 5 de diciembre del presente a\u00f1o, 50 j\u00f3venes universitarios, previamente capacitados ser\u00e1n los encargados del proceso de sensibilizaci\u00f3n y socializaci\u00f3n de este proyecto a los usuarios residenciales, comerciales e industriales del servicio de aseo de la Unidad Comunera 1, para promover la separaci\u00f3n, distribuci\u00f3n en la fuente de los residuos, horario de atenci\u00f3n y el reconocimiento del reciclador como un prestador del servicio p\u00fablico de aseo.<\/p>\n<p>El trabajo de recolecci\u00f3n de los residuos estar\u00e1 a cargo de sesenta recicladores de oficio, a los cuales el Distrito est\u00e1 brindando acompa\u00f1amiento y asesor\u00eda en el proceso de fortalecimiento y formalizaci\u00f3n empresarial para procurar su constituci\u00f3n y operaci\u00f3n.<\/p>\n<p>\u201cEstamos adelantando jornadas de capacitaci\u00f3n y formaci\u00f3n con personal del Sena y expertos en las l\u00edneas que establece el decreto 596, igualmente en el proceso de reestructuraci\u00f3n de ellos como empresa y como futuros prestadores p\u00fablicos se les formalizar\u00e1 y ampliar\u00e1 la ruta de recolecci\u00f3n selectiva que actualmente realizan y se les dotar\u00e1 con los elementos de seguridad necesarios, as\u00ed como con un veh\u00edculo de tracci\u00f3n manual. Complementario a esto se har\u00e1 un proceso de sensibilizaci\u00f3n a la comunidad cartagenera, usuarios residenciales, comerciales e industriales del servicio de aseo de la Unidad Comunera Uno\u201d, explic\u00f3 la funcionaria Franco.<\/p>\n<p>La inversi\u00f3n del proyecto es de 104 mil millones de pesos de los cuales el distrito aporta 913 millones de pesos.<br \/>\nEl Ministerio de Vivienda seleccion\u00f3 a Cartagena y a Medell\u00edn como las dos primeras ciudades de Colombia en utilizar la plataforma que tienen dispuesta para el cargue de informaci\u00f3n de los recicladores.<\/p>\n<p>El gobierno de Primero la Gente apunta con este proyecto convertir a Cartagena en un destino sostenible, m\u00e1s educada en cuanto el reciclaje y una ciudad m\u00e1s verde.<\/p>\n","protected":false},"excerpt":{"rendered":"<p>La Alcald\u00eda de Cartagena inicia desde el pr\u00f3ximo 23 de noviembre el proyecto que busca el fortalecimiento fortalecimiento de la prestaci\u00f3n del servicio p\u00fablico de aseo en actividades de aprovechamiento de los recicladores de oficio que operan en la Unidad Comunera No. 1 del Distrito. De acuerdo a la asesora de Servicios P\u00fabicos, Melissa Franco, dicho proyecto est\u00e1 contemplado para ejecutarse en cinco unidades comuneras durante cuatro a\u00f1os. La etapa inicial ser\u00e1 en la Unidad Comunera 1, que comprende los barrios Bocagrande, Castillogrande, Centro, Chambac\u00fa, Crespo, El Cabrero, El Laguito,&#8230; <\/p>\n","protected":false},"author":3,"featured_media":0,"comment_status":"open","ping_status":"closed","sticky":false,"template":"","format":"standard","meta":{"footnotes":"","_links_to":"","_links_to_target":""},"categories":[32],"tags":[],"class_list":["post-17644","post","type-post","status-publish","format-standard","hentry","category-actualidad-distrito"],"_links":{"self":[{"href":"https:\/\/revistazetta.com\/index.php?rest_route=\/wp\/v2\/posts\/17644","targetHints":{"allow":["GET"]}}],"collection":[{"href":"https:\/\/revistazetta.com\/index.php?rest_route=\/wp\/v2\/posts"}],"about":[{"href":"https:\/\/revistazetta.com\/index.php?rest_route=\/wp\/v2\/types\/post"}],"author":[{"embeddable":true,"href":"https:\/\/revistazetta.com\/index.php?rest_route=\/wp\/v2\/users\/3"}],"replies":[{"embeddable":true,"href":"https:\/\/revistazetta.com\/index.php?rest_route=%2Fwp%2Fv2%2Fcomments&post=17644"}],"version-history":[{"count":0,"href":"https:\/\/revistazetta.com\/index.php?rest_route=\/wp\/v2\/posts\/17644\/revisions"}],"wp:attachment":[{"href":"https:\/\/revistazetta.com\/index.php?rest_route=%2Fwp%2Fv2%2Fmedia&parent=17644"}],"wp:term":[{"taxonomy":"category","embeddable":true,"href":"https:\/\/revistazetta.com\/index.php?rest_route=%2Fwp%2Fv2%2Fcategories&post=17644"},{"taxonomy":"post_tag","embeddable":true,"href":"https:\/\/revistazetta.com\/index.php?rest_route=%2Fwp%2Fv2%2Ftags&post=17644"}],"curies":[{"name":"wp","href":"https:\/\/api.w.org\/{rel}","templated":true}]}}