{"id":17645,"date":"2016-11-22T18:09:16","date_gmt":"2016-11-22T23:09:16","guid":{"rendered":"http:\/\/www.revistazetta.com\/?p=17645"},"modified":"2016-11-22T18:09:16","modified_gmt":"2016-11-22T23:09:16","slug":"zonas-verdes-transcaribe-seran-recuperadas-personas-discapacidad-auditiva","status":"publish","type":"post","link":"https:\/\/revistazetta.com\/?p=17645","title":{"rendered":"Zonas verdes de Transcaribe ser\u00e1n recuperadas por personas con discapacidad auditiva"},"content":{"rendered":"<p>Treinta personas con discapacidad auditiva recibieron capacitaci\u00f3n gratuita en mantenimiento y poda de jardines, gracias a la alianza realizada entre la Gerencia de Espacio P\u00fablico, el Sena y la fundaci\u00f3n Acci\u00f3n Humanitaria. El objetivo es que ellos puedan poner en pr\u00e1ctica sus conocimientos para el beneficio de la ciudadan\u00eda.<\/p>\n<p>Este grupo de poblaci\u00f3n vulnerable ser\u00e1 incluido dentro de un convenio para el mejoramiento de la zona p\u00fablica verde que se encuentra en el tramo de Transcaribe,  que hoy est\u00e1 demandando atenci\u00f3n inmediata, asegur\u00f3 Caroline Lenes, gerente de Espacio P\u00fablico y Movilidad. <\/p>\n<p>Los cocheros de la ciudad tambi\u00e9n hacen parte de este proyecto y capacitaciones ya que ser\u00e1n los encargados de proveer el abono que se utilizar\u00e1 para el mantenimiento de las zonas verdes y que se realizar\u00e1 a base del esti\u00e9rcol del caballo. <\/p>\n<p>\u201cYa estamos ultimando detalles respecto al convenio y probablemente este fin de semana se arranca con este proyecto con el fin de que los cartageneros cuenten con un mejor espacio p\u00fablico\u201d, dijo Lenes. <\/p>\n<p>Jaime Torrado, director del Sena regional Bol\u00edvar, explic\u00f3 que dentro del portafolio de formaci\u00f3n, la instituci\u00f3n cuenta con unos programas que est\u00e1n destinados para estos tipos de poblaciones, \u201cuno de nuestros objetivos es llevar capacitaci\u00f3n y formaci\u00f3n a grupos de poblaciones vulnerables o con alg\u00fan tipo de discapacidad. Por esta raz\u00f3n formamos a estas 30 personas que tienen una discapacidad auditiva, les brindamos formaci\u00f3n complementaria en mantenimiento y poda de jardines y en alianza con espacio p\u00fablico les garantizamos su etapa pr\u00e1ctica en las zonas verdes de la ciudad\u201d, dijo Torrado.<\/p>\n","protected":false},"excerpt":{"rendered":"<p>Treinta personas con discapacidad auditiva recibieron capacitaci\u00f3n gratuita en mantenimiento y poda de jardines, gracias a la alianza realizada entre la Gerencia de Espacio P\u00fablico, el Sena y la fundaci\u00f3n Acci\u00f3n Humanitaria. El objetivo es que ellos puedan poner en pr\u00e1ctica sus conocimientos para el beneficio de la ciudadan\u00eda. Este grupo de poblaci\u00f3n vulnerable ser\u00e1 incluido dentro de un convenio para el mejoramiento de la zona p\u00fablica verde que se encuentra en el tramo de Transcaribe, que hoy est\u00e1 demandando atenci\u00f3n inmediata, asegur\u00f3 Caroline Lenes, gerente de Espacio P\u00fablico y&#8230; <\/p>\n","protected":false},"author":3,"featured_media":17646,"comment_status":"open","ping_status":"closed","sticky":false,"template":"","format":"standard","meta":{"footnotes":"","_links_to":"","_links_to_target":""},"categories":[87,32],"tags":[],"class_list":["post-17645","post","type-post","status-publish","format-standard","has-post-thumbnail","hentry","category-movilidad","category-actualidad-distrito"],"_links":{"self":[{"href":"https:\/\/revistazetta.com\/index.php?rest_route=\/wp\/v2\/posts\/17645","targetHints":{"allow":["GET"]}}],"collection":[{"href":"https:\/\/revistazetta.com\/index.php?rest_route=\/wp\/v2\/posts"}],"about":[{"href":"https:\/\/revistazetta.com\/index.php?rest_route=\/wp\/v2\/types\/post"}],"author":[{"embeddable":true,"href":"https:\/\/revistazetta.com\/index.php?rest_route=\/wp\/v2\/users\/3"}],"replies":[{"embeddable":true,"href":"https:\/\/revistazetta.com\/index.php?rest_route=%2Fwp%2Fv2%2Fcomments&post=17645"}],"version-history":[{"count":0,"href":"https:\/\/revistazetta.com\/index.php?rest_route=\/wp\/v2\/posts\/17645\/revisions"}],"wp:featuredmedia":[{"embeddable":true,"href":"https:\/\/revistazetta.com\/index.php?rest_route=\/wp\/v2\/media\/17646"}],"wp:attachment":[{"href":"https:\/\/revistazetta.com\/index.php?rest_route=%2Fwp%2Fv2%2Fmedia&parent=17645"}],"wp:term":[{"taxonomy":"category","embeddable":true,"href":"https:\/\/revistazetta.com\/index.php?rest_route=%2Fwp%2Fv2%2Fcategories&post=17645"},{"taxonomy":"post_tag","embeddable":true,"href":"https:\/\/revistazetta.com\/index.php?rest_route=%2Fwp%2Fv2%2Ftags&post=17645"}],"curies":[{"name":"wp","href":"https:\/\/api.w.org\/{rel}","templated":true}]}}