{"id":17647,"date":"2016-11-22T18:46:12","date_gmt":"2016-11-22T23:46:12","guid":{"rendered":"http:\/\/www.revistazetta.com\/?p=17647"},"modified":"2016-11-23T16:19:38","modified_gmt":"2016-11-23T21:19:38","slug":"bolivar-antioquia-siguen-proposito-fortalecer-relaciones-bilaterales","status":"publish","type":"post","link":"https:\/\/revistazetta.com\/?p=17647","title":{"rendered":"Bol\u00edvar y Antioquia siguen en su prop\u00f3sito de fortalecer relaciones bilaterales"},"content":{"rendered":"<p>El mandatario de los bolivarenses lleg\u00f3 a la capital paisa con parte de su equipo de gobierno. Asesores de despacho, Secretar\u00eda de Minas, Secretaria de Infraestructura, as\u00ed como la presidenta de la C\u00e1mara de Comercio, Maria Claudia P\u00e1ez, acompa\u00f1aron a Turbay en la reuni\u00f3n.<br \/>\n<img loading=\"lazy\" decoding=\"async\" src=\"https:\/\/www.revistazetta.com\/wp-content\/uploads\/2016\/11\/HBA2-300x187.jpg\" alt=\"hba2\" width=\"300\" height=\"187\" class=\"alignright size-medium wp-image-17650\" srcset=\"https:\/\/revistazetta.com\/wp-content\/uploads\/2016\/11\/HBA2-300x187.jpg 300w, https:\/\/revistazetta.com\/wp-content\/uploads\/2016\/11\/HBA2-234x146.jpg 234w, https:\/\/revistazetta.com\/wp-content\/uploads\/2016\/11\/HBA2-50x31.jpg 50w, https:\/\/revistazetta.com\/wp-content\/uploads\/2016\/11\/HBA2-120x75.jpg 120w, https:\/\/revistazetta.com\/wp-content\/uploads\/2016\/11\/HBA2.jpg 570w\" sizes=\"auto, (max-width: 300px) 100vw, 300px\" \/><\/p>\n<p><img loading=\"lazy\" decoding=\"async\" src=\"https:\/\/www.revistazetta.com\/wp-content\/uploads\/2016\/11\/HBA3-300x187.jpg\" alt=\"hba3\" width=\"300\" height=\"187\" class=\"alignright size-medium wp-image-17651\" srcset=\"https:\/\/revistazetta.com\/wp-content\/uploads\/2016\/11\/HBA3-300x187.jpg 300w, https:\/\/revistazetta.com\/wp-content\/uploads\/2016\/11\/HBA3-234x146.jpg 234w, https:\/\/revistazetta.com\/wp-content\/uploads\/2016\/11\/HBA3-50x31.jpg 50w, https:\/\/revistazetta.com\/wp-content\/uploads\/2016\/11\/HBA3-120x75.jpg 120w, https:\/\/revistazetta.com\/wp-content\/uploads\/2016\/11\/HBA3.jpg 570w\" sizes=\"auto, (max-width: 300px) 100vw, 300px\" \/><br \/>\n\u00abEstamos complacidos de estar en Medell\u00edn en compa\u00f1\u00eda del gobernador Luis P\u00e9rez. \u00c9l sabe que cuenta con nosotros como aliados para el desarrollo de nuestras regiones\u00bb, dijo Dumek Turbay. En la reuni\u00f3n se tocaron temas de infraestructura, educaci\u00f3n, econom\u00eda, entre otros. En todos esos temas, la gobernaci\u00f3n de Antioquia tiene proyectos interesantes para el desarrollo, los cuales fueron escuchados por Dumek Turbay, quien dej\u00f3 claro que la regi\u00f3n de los Montes de Mar\u00eda necesita progreso, por lo que el tema de v\u00edas y educaci\u00f3n es clave para invertir en esa zona.<br \/>\n<img loading=\"lazy\" decoding=\"async\" src=\"https:\/\/www.revistazetta.com\/wp-content\/uploads\/2016\/11\/HBA-300x187.jpg\" alt=\"hba\" width=\"300\" height=\"187\" class=\"alignright size-medium wp-image-17648\" srcset=\"https:\/\/revistazetta.com\/wp-content\/uploads\/2016\/11\/HBA-300x187.jpg 300w, https:\/\/revistazetta.com\/wp-content\/uploads\/2016\/11\/HBA-234x146.jpg 234w, https:\/\/revistazetta.com\/wp-content\/uploads\/2016\/11\/HBA-50x31.jpg 50w, https:\/\/revistazetta.com\/wp-content\/uploads\/2016\/11\/HBA-120x75.jpg 120w, https:\/\/revistazetta.com\/wp-content\/uploads\/2016\/11\/HBA.jpg 570w\" sizes=\"auto, (max-width: 300px) 100vw, 300px\" \/><\/p>\n<p><img loading=\"lazy\" decoding=\"async\" src=\"https:\/\/www.revistazetta.com\/wp-content\/uploads\/2016\/11\/HBA1-300x187.jpg\" alt=\"hba1\" width=\"300\" height=\"187\" class=\"alignright size-medium wp-image-17649\" srcset=\"https:\/\/revistazetta.com\/wp-content\/uploads\/2016\/11\/HBA1-300x187.jpg 300w, https:\/\/revistazetta.com\/wp-content\/uploads\/2016\/11\/HBA1-234x146.jpg 234w, https:\/\/revistazetta.com\/wp-content\/uploads\/2016\/11\/HBA1-50x31.jpg 50w, https:\/\/revistazetta.com\/wp-content\/uploads\/2016\/11\/HBA1-120x75.jpg 120w, https:\/\/revistazetta.com\/wp-content\/uploads\/2016\/11\/HBA1.jpg 570w\" sizes=\"auto, (max-width: 300px) 100vw, 300px\" \/><br \/>\n\u00abEn el Sur de Bol\u00edvar el tema minero es prioridad y en Montes de Mar\u00eda es importante el tema agroindustrial. Nuestro equipo sabe qu\u00e9 necesita cada municipio\u00bb, expres\u00f3 el gobernador de Bol\u00edvar. Al t\u00e9rmino de la reuni\u00f3n se firm\u00f3 un memorando de entendimiento, el cu\u00e1l es un primer paso para fortalecer las relaciones bilaterales entre las gobernaciones.   <\/p>\n","protected":false},"excerpt":{"rendered":"<p>El mandatario de los bolivarenses lleg\u00f3 a la capital paisa con parte de su equipo de gobierno. Asesores de despacho, Secretar\u00eda de Minas, Secretaria de Infraestructura, as\u00ed como la presidenta de la C\u00e1mara de Comercio, Maria Claudia P\u00e1ez, acompa\u00f1aron a Turbay en la reuni\u00f3n. \u00abEstamos complacidos de estar en Medell\u00edn en compa\u00f1\u00eda del gobernador Luis P\u00e9rez. \u00c9l sabe que cuenta con nosotros como aliados para el desarrollo de nuestras regiones\u00bb, dijo Dumek Turbay. En la reuni\u00f3n se tocaron temas de infraestructura, educaci\u00f3n, econom\u00eda, entre otros. En todos esos temas, la&#8230; <\/p>\n","protected":false},"author":3,"featured_media":17652,"comment_status":"open","ping_status":"closed","sticky":false,"template":"","format":"standard","meta":{"footnotes":"","_links_to":"","_links_to_target":""},"categories":[33,75],"tags":[],"class_list":["post-17647","post","type-post","status-publish","format-standard","has-post-thumbnail","hentry","category-actualidad-bolivar","category-destacada"],"_links":{"self":[{"href":"https:\/\/revistazetta.com\/index.php?rest_route=\/wp\/v2\/posts\/17647","targetHints":{"allow":["GET"]}}],"collection":[{"href":"https:\/\/revistazetta.com\/index.php?rest_route=\/wp\/v2\/posts"}],"about":[{"href":"https:\/\/revistazetta.com\/index.php?rest_route=\/wp\/v2\/types\/post"}],"author":[{"embeddable":true,"href":"https:\/\/revistazetta.com\/index.php?rest_route=\/wp\/v2\/users\/3"}],"replies":[{"embeddable":true,"href":"https:\/\/revistazetta.com\/index.php?rest_route=%2Fwp%2Fv2%2Fcomments&post=17647"}],"version-history":[{"count":0,"href":"https:\/\/revistazetta.com\/index.php?rest_route=\/wp\/v2\/posts\/17647\/revisions"}],"wp:featuredmedia":[{"embeddable":true,"href":"https:\/\/revistazetta.com\/index.php?rest_route=\/wp\/v2\/media\/17652"}],"wp:attachment":[{"href":"https:\/\/revistazetta.com\/index.php?rest_route=%2Fwp%2Fv2%2Fmedia&parent=17647"}],"wp:term":[{"taxonomy":"category","embeddable":true,"href":"https:\/\/revistazetta.com\/index.php?rest_route=%2Fwp%2Fv2%2Fcategories&post=17647"},{"taxonomy":"post_tag","embeddable":true,"href":"https:\/\/revistazetta.com\/index.php?rest_route=%2Fwp%2Fv2%2Ftags&post=17647"}],"curies":[{"name":"wp","href":"https:\/\/api.w.org\/{rel}","templated":true}]}}