{"id":17655,"date":"2016-11-23T12:24:10","date_gmt":"2016-11-23T17:24:10","guid":{"rendered":"http:\/\/www.revistazetta.com\/?p=17655"},"modified":"2016-11-23T16:19:18","modified_gmt":"2016-11-23T21:19:18","slug":"corvivienda-entrega-250-titulos-vivienda-familias-mas-10-barrios","status":"publish","type":"post","link":"https:\/\/revistazetta.com\/?p=17655","title":{"rendered":"Corvivienda entrega 250 t\u00edtulos de vivienda a familias en m\u00e1s de 10 barrios"},"content":{"rendered":"<p>A pesar de las criticas que las \u00faltimas semanas se ha visto envuelto el programa Casa pa\u00b4Mi Gente, del cual se denuncia que  ha tenido inconsistencias en la escogencia de los beneficiados, este ha realizado su la cuarta entrega de t\u00edtulos de vivienda. La Alcald\u00eda Mayor de Cartagena, a trav\u00e9s del Fondo de Vivienda de Inter\u00e9s Social y Reforma Urbana (Corvivienda), entreg\u00f3 esta vez 250 t\u00edtulos en distintos sectores de la ciudad completando los 700 t\u00edtulos en el programa de Legalizaci\u00f3n de Predios.<\/p>\n<p>El acto, que se llev\u00f3 a cabo en la Instituci\u00f3n Educativa Nuestra Se\u00f1ora del Carmen en la avenida Pedro de Heredia, cont\u00f3 con la presencia del secretario privado de la Alcald\u00eda Ra\u00fal Vargas y el gerente de Corvivienda, William Garc\u00eda Tirado, quienes fueron los encargados de dar los t\u00edtulos a las familias.<\/p>\n<p>\u00abA las personas se les transforma la vida cuando tienen el t\u00edtulo de su vivienda, pues saben que tienen una tranquilidad y esto puede servir para que posteriormente hagan mejoras a sus casas y cambien el entorno\u00bb, enfatiz\u00f3 Garc\u00eda.<\/p>\n<p>Nelson Mandela sector El Millo, San Bernardo de As\u00eds, Nuevo Para\u00edso, Huellas Juan Pablo 2, Huellas Alberto Uribe, urbanizaci\u00f3n Luis Carlos Gal\u00e1n, Esmeralda 1 y 2, El Pozon, San Jos\u00e9 de Los Campanos sectores Nueva Victoria y Villa Esperanza, Urbanizaci\u00f3n Los Cerezos, Ciudadela 2000 y Flor del Campo, fueron los barrios que recibieron sus t\u00edtulos de propiedad.<\/p>\n","protected":false},"excerpt":{"rendered":"<p>A pesar de las criticas que las \u00faltimas semanas se ha visto envuelto el programa Casa pa\u00b4Mi Gente, del cual se denuncia que ha tenido inconsistencias en la escogencia de los beneficiados, este ha realizado su la cuarta entrega de t\u00edtulos de vivienda. La Alcald\u00eda Mayor de Cartagena, a trav\u00e9s del Fondo de Vivienda de Inter\u00e9s Social y Reforma Urbana (Corvivienda), entreg\u00f3 esta vez 250 t\u00edtulos en distintos sectores de la ciudad completando los 700 t\u00edtulos en el programa de Legalizaci\u00f3n de Predios. El acto, que se llev\u00f3 a cabo&#8230; <\/p>\n","protected":false},"author":3,"featured_media":17658,"comment_status":"open","ping_status":"closed","sticky":false,"template":"","format":"standard","meta":{"footnotes":"","_links_to":"","_links_to_target":""},"categories":[32,85,75],"tags":[],"class_list":["post-17655","post","type-post","status-publish","format-standard","has-post-thumbnail","hentry","category-actualidad-distrito","category-cartagena","category-destacada"],"_links":{"self":[{"href":"https:\/\/revistazetta.com\/index.php?rest_route=\/wp\/v2\/posts\/17655","targetHints":{"allow":["GET"]}}],"collection":[{"href":"https:\/\/revistazetta.com\/index.php?rest_route=\/wp\/v2\/posts"}],"about":[{"href":"https:\/\/revistazetta.com\/index.php?rest_route=\/wp\/v2\/types\/post"}],"author":[{"embeddable":true,"href":"https:\/\/revistazetta.com\/index.php?rest_route=\/wp\/v2\/users\/3"}],"replies":[{"embeddable":true,"href":"https:\/\/revistazetta.com\/index.php?rest_route=%2Fwp%2Fv2%2Fcomments&post=17655"}],"version-history":[{"count":0,"href":"https:\/\/revistazetta.com\/index.php?rest_route=\/wp\/v2\/posts\/17655\/revisions"}],"wp:featuredmedia":[{"embeddable":true,"href":"https:\/\/revistazetta.com\/index.php?rest_route=\/wp\/v2\/media\/17658"}],"wp:attachment":[{"href":"https:\/\/revistazetta.com\/index.php?rest_route=%2Fwp%2Fv2%2Fmedia&parent=17655"}],"wp:term":[{"taxonomy":"category","embeddable":true,"href":"https:\/\/revistazetta.com\/index.php?rest_route=%2Fwp%2Fv2%2Fcategories&post=17655"},{"taxonomy":"post_tag","embeddable":true,"href":"https:\/\/revistazetta.com\/index.php?rest_route=%2Fwp%2Fv2%2Ftags&post=17655"}],"curies":[{"name":"wp","href":"https:\/\/api.w.org\/{rel}","templated":true}]}}