{"id":17659,"date":"2016-11-23T13:40:57","date_gmt":"2016-11-23T18:40:57","guid":{"rendered":"http:\/\/www.revistazetta.com\/?p=17659"},"modified":"2016-11-23T18:56:07","modified_gmt":"2016-11-23T23:56:07","slug":"bolivar-tendra-centro-innovacion-tecnologica","status":"publish","type":"post","link":"https:\/\/revistazetta.com\/?p=17659","title":{"rendered":"Bol\u00edvar tendr\u00e1 centro de innovaci\u00f3n tecnol\u00f3gica"},"content":{"rendered":"<p>Con unan inversi\u00f3n de $10 mil millones, el Gobernador de Bol\u00edvar anunci\u00f3 la creaci\u00f3n del centro de innovaci\u00f3n que le permitir\u00e1 al departamento  crecer en el \u00e1rea de la ciencia y la investigaci\u00f3n, y proyectar las diferentes esferas de la econom\u00eda local a nivel internacional.<\/p>\n<p>La propuesta fue hecha por el Gobernador de Bol\u00edvar Dumek Turbay Paz, tras asistir a un encuentro con Juan Camilo G\u00f3mez, gerente administrativo de Ruta N en la ciudad de Medell\u00edn, donde se evidenci\u00f3 el apoyo de los expertos en el conocimiento de estas herramientas tecnol\u00f3gicas, para proyectar al departamento en las actividades  de econom\u00eda, portuario, industrial y agroindustrial del departamento de Bol\u00edvar.<\/p>\n<p>En el encuentro con el mandatario de los bolivarenses estuvo presente el l\u00edder en trasferencias tecnol\u00f3gicas de Ruta N, quien mostr\u00f3 su satisfacci\u00f3n por la decisi\u00f3n de Turbay Paz de implementar este proyecto de innovaci\u00f3n que servir\u00e1 de beneficio y proyecci\u00f3n para la regi\u00f3n.<\/p>\n","protected":false},"excerpt":{"rendered":"<p>Con unan inversi\u00f3n de $10 mil millones, el Gobernador de Bol\u00edvar anunci\u00f3 la creaci\u00f3n del centro de innovaci\u00f3n que le permitir\u00e1 al departamento crecer en el \u00e1rea de la ciencia y la investigaci\u00f3n, y proyectar las diferentes esferas de la econom\u00eda local a nivel internacional. La propuesta fue hecha por el Gobernador de Bol\u00edvar Dumek Turbay Paz, tras asistir a un encuentro con Juan Camilo G\u00f3mez, gerente administrativo de Ruta N en la ciudad de Medell\u00edn, donde se evidenci\u00f3 el apoyo de los expertos en el conocimiento de estas herramientas&#8230; <\/p>\n","protected":false},"author":3,"featured_media":0,"comment_status":"open","ping_status":"closed","sticky":false,"template":"","format":"standard","meta":{"footnotes":"","_links_to":"","_links_to_target":""},"categories":[33,80],"tags":[],"class_list":["post-17659","post","type-post","status-publish","format-standard","hentry","category-actualidad-bolivar","category-region"],"_links":{"self":[{"href":"https:\/\/revistazetta.com\/index.php?rest_route=\/wp\/v2\/posts\/17659","targetHints":{"allow":["GET"]}}],"collection":[{"href":"https:\/\/revistazetta.com\/index.php?rest_route=\/wp\/v2\/posts"}],"about":[{"href":"https:\/\/revistazetta.com\/index.php?rest_route=\/wp\/v2\/types\/post"}],"author":[{"embeddable":true,"href":"https:\/\/revistazetta.com\/index.php?rest_route=\/wp\/v2\/users\/3"}],"replies":[{"embeddable":true,"href":"https:\/\/revistazetta.com\/index.php?rest_route=%2Fwp%2Fv2%2Fcomments&post=17659"}],"version-history":[{"count":0,"href":"https:\/\/revistazetta.com\/index.php?rest_route=\/wp\/v2\/posts\/17659\/revisions"}],"wp:attachment":[{"href":"https:\/\/revistazetta.com\/index.php?rest_route=%2Fwp%2Fv2%2Fmedia&parent=17659"}],"wp:term":[{"taxonomy":"category","embeddable":true,"href":"https:\/\/revistazetta.com\/index.php?rest_route=%2Fwp%2Fv2%2Fcategories&post=17659"},{"taxonomy":"post_tag","embeddable":true,"href":"https:\/\/revistazetta.com\/index.php?rest_route=%2Fwp%2Fv2%2Ftags&post=17659"}],"curies":[{"name":"wp","href":"https:\/\/api.w.org\/{rel}","templated":true}]}}