{"id":17662,"date":"2016-11-24T06:25:42","date_gmt":"2016-11-24T11:25:42","guid":{"rendered":"http:\/\/www.revistazetta.com\/?p=17662"},"modified":"2016-11-24T06:25:42","modified_gmt":"2016-11-24T11:25:42","slug":"financiera-desarrollo-nacional-ayudara-identificar-viabilidad-del-transporte-acuatico-cartagena","status":"publish","type":"post","link":"https:\/\/revistazetta.com\/?p=17662","title":{"rendered":"Financiera de Desarrollo Nacional ayudar\u00e1 a identificar viabilidad del transporte acu\u00e1tico en Cartagena"},"content":{"rendered":"<p>El alcalde de Cartagena Manolo Duque firm\u00f3 con la Financiera de Desarrollo Nacional, FDN, un convenio dentro del cual se busca que esta brinde cooperaci\u00f3n t\u00e9cnica y destine un equipo de expertos para que identifiquen, prioricen y eval\u00faen la viabilidad t\u00e9cnica para un proyecto de trasporte acu\u00e1tico en la ciudad de Cartagena. Adem\u00e1s tambi\u00e9n se har\u00e1 la identificaci\u00f3n y priorizaci\u00f3n de proyectos de infraestructura en el sector de educaci\u00f3n y otros.<\/p>\n<p>Duque asegur\u00f3 que con este convenio la FDN podr\u00e1 ayudara determinar si implementar los viajes acu\u00e1ticos o el transporte acu\u00e1tico es un negocio para que un privado se encargue de ello. \u201cSin duda para muchos en Cartagena esta ser\u00eda una alternativa de transporte, pero eso no se ha comprobado y es lo que buscamos confirmar\u201d dijo el mandatario.<br \/>\nLa FDN realizar\u00e1 un an\u00e1lisis de beneficio socio-econ\u00f3mico, presupuestal e institucional, y trabajar\u00e1 en la estructuraci\u00f3n integral del  proyecto, igualmente en la identificaci\u00f3n de las fuentes de financiaci\u00f3n, as\u00ed como en los mecanismos jur\u00eddicos id\u00f3neos para adelantarlo.<\/p>\n<p>Clemente del Valle, presidente de la Financiera de Desarrollo Nacional, asegur\u00f3: \u201cestamos muy complacidos en apoyar, con nuestro conocimiento y experiencia en evaluaci\u00f3n y estructuraci\u00f3n de proyectos de infraestructura a Cartagena y aportar a su desarrollo y bienestar de sus habitantes\u201d.<\/p>\n<p> El convenio entre el Distrito y la FDN tiene una duraci\u00f3n de 4 a\u00f1os y tendr\u00e1 como marco de acci\u00f3n las necesidades planteadas por la Alcald\u00eda en su Plan de Desarrollo. <\/p>\n","protected":false},"excerpt":{"rendered":"<p>El alcalde de Cartagena Manolo Duque firm\u00f3 con la Financiera de Desarrollo Nacional, FDN, un convenio dentro del cual se busca que esta brinde cooperaci\u00f3n t\u00e9cnica y destine un equipo de expertos para que identifiquen, prioricen y eval\u00faen la viabilidad t\u00e9cnica para un proyecto de trasporte acu\u00e1tico en la ciudad de Cartagena. Adem\u00e1s tambi\u00e9n se har\u00e1 la identificaci\u00f3n y priorizaci\u00f3n de proyectos de infraestructura en el sector de educaci\u00f3n y otros. Duque asegur\u00f3 que con este convenio la FDN podr\u00e1 ayudara determinar si implementar los viajes acu\u00e1ticos o el transporte&#8230; <\/p>\n","protected":false},"author":3,"featured_media":0,"comment_status":"open","ping_status":"closed","sticky":false,"template":"","format":"standard","meta":{"footnotes":"","_links_to":"","_links_to_target":""},"categories":[32,87],"tags":[],"class_list":["post-17662","post","type-post","status-publish","format-standard","hentry","category-actualidad-distrito","category-movilidad"],"_links":{"self":[{"href":"https:\/\/revistazetta.com\/index.php?rest_route=\/wp\/v2\/posts\/17662","targetHints":{"allow":["GET"]}}],"collection":[{"href":"https:\/\/revistazetta.com\/index.php?rest_route=\/wp\/v2\/posts"}],"about":[{"href":"https:\/\/revistazetta.com\/index.php?rest_route=\/wp\/v2\/types\/post"}],"author":[{"embeddable":true,"href":"https:\/\/revistazetta.com\/index.php?rest_route=\/wp\/v2\/users\/3"}],"replies":[{"embeddable":true,"href":"https:\/\/revistazetta.com\/index.php?rest_route=%2Fwp%2Fv2%2Fcomments&post=17662"}],"version-history":[{"count":0,"href":"https:\/\/revistazetta.com\/index.php?rest_route=\/wp\/v2\/posts\/17662\/revisions"}],"wp:attachment":[{"href":"https:\/\/revistazetta.com\/index.php?rest_route=%2Fwp%2Fv2%2Fmedia&parent=17662"}],"wp:term":[{"taxonomy":"category","embeddable":true,"href":"https:\/\/revistazetta.com\/index.php?rest_route=%2Fwp%2Fv2%2Fcategories&post=17662"},{"taxonomy":"post_tag","embeddable":true,"href":"https:\/\/revistazetta.com\/index.php?rest_route=%2Fwp%2Fv2%2Ftags&post=17662"}],"curies":[{"name":"wp","href":"https:\/\/api.w.org\/{rel}","templated":true}]}}