{"id":1774,"date":"2014-07-07T05:20:21","date_gmt":"2014-07-07T10:20:21","guid":{"rendered":"http:\/\/www.revistazetta.com\/?p=1774"},"modified":"2014-07-07T05:20:21","modified_gmt":"2014-07-07T10:20:21","slug":"ferry-enfrenta-a-cormagdalena-y-camara-de-comercio-de-magangue","status":"publish","type":"post","link":"https:\/\/revistazetta.com\/?p=1774","title":{"rendered":"Ferry enfrenta a Cormagdalena y C\u00e1mara de Comercio de Magangu\u00e9"},"content":{"rendered":"<p>El manejo del ferry que une a Magangu\u00e9 con Mompox tiene enfrentados a Cormagdalena \u2013propietaria de la embarcaci\u00f3n- y la C\u00e1mara de Comercio de esa ciudad, que lo ven\u00eda administrando.<\/p>\n<p>Cormagdalena ha replanteado el manejo administrativo del ferry y lo ha retirado del servicio, en tanto que la C\u00e1mara de Comercio reclama por mantener su manejo.<\/p>\n<p>Al respecto, la entidad cameral expidi\u00f3 este comunicado:<\/p>\n<p>\u201cLa C\u00e1mara de Comercio de Magangu\u00e9 hace conocer a la regi\u00f3n la afectaci\u00f3n que tendr\u00e1 quienes normalmente transitan desde y hacia la Isla de Mompox, porque el ferry gestionado por esta entidad ante Cormagdalena en los actuales momentos se encuentra fuera de servicio por decisi\u00f3n de la entidad gubernamental, quienes ahora exigen una alta suma por su arrendamiento, suma que supera la capacidad de pago, ya que se tiene en cuenta los costos de operaci\u00f3n.<\/p>\n<p>En el d\u00eda de ayer la C\u00e1mara de Comercio de Magangu\u00e9 hizo entrega formal del transbordador a Cormagdalena, sin embargo el Presidente Ejecutivo de la entidad Cameral envi\u00f3 un comunicado al Director Ejecutivo de la entidad p\u00fablica en el que se le advierte que es un completo error esta decisi\u00f3n en consideraci\u00f3n a varios puntos como:<\/p>\n<p>a)\u00a0 La C\u00e1mara de Comercio de Magangu\u00e9 restaur\u00f3 la embarcaci\u00f3n y ha velado por su correcto funcionamiento, generando empleo formal y dinamizando el comercio, la industria y el turismo de la regi\u00f3n.<\/p>\n<p>b)\u00a0 Que despu\u00e9s de haber confirmado en tres ocasiones la renovaci\u00f3n del contrato, ahora Cormagdalena somete a subasta el arrendamiento de la embarcaci\u00f3n, violando la continuidad del servicio y causando un perjuicio econ\u00f3mico incalculable a la regi\u00f3n, todo esto solamente por querer percibir un arrendamiento desproporcional a los costos de la operaci\u00f3n de la embarcaci\u00f3n.<\/p>\n<p>c)\u00a0 Olvida Cormgadalena que representa al estado Colombiano y el servicio de transbordo de veh\u00edculos es un servicio p\u00fablico, el Estado se cre\u00f3 para prestar servicios no para hacer negocios.<\/p>\n<p>d)\u00a0 Esta decisi\u00f3n de Cormagdalena da al traste con la alianza p\u00fablico \u2013 privada que a trav\u00e9s del comodato logr\u00f3 mejorar la calidad del servicio de transbordo, reducir los tiempos de espera y estabilizar los precios, prop\u00f3sito que solamente se podr\u00eda lograr con una entidad que velara por el inter\u00e9s general antes que el particular.<\/p>\n<p>Termina informado la C\u00e1mara de Comercio de Magangu\u00e9 que elevar\u00e1 la queja ante la Presidencia de la Rep\u00fablica para que tome los correctivos del caso e invita a todos quienes se sientan perjudicados por esta decisi\u00f3n de Cormagdalena a presentar la respectiva queja.<\/p>\n","protected":false},"excerpt":{"rendered":"<p>El manejo del ferry que une a Magangu\u00e9 con Mompox tiene enfrentados a Cormagdalena \u2013propietaria de la embarcaci\u00f3n- y la C\u00e1mara de Comercio de esa ciudad, que lo ven\u00eda administrando. Cormagdalena ha replanteado el manejo administrativo del ferry y lo ha retirado del servicio, en tanto que la C\u00e1mara de Comercio reclama por mantener su manejo. Al respecto, la entidad cameral expidi\u00f3 este comunicado: \u201cLa C\u00e1mara de Comercio de Magangu\u00e9 hace conocer a la regi\u00f3n la afectaci\u00f3n que tendr\u00e1 quienes normalmente transitan desde y hacia la Isla de Mompox, porque&#8230; <\/p>\n","protected":false},"author":3,"featured_media":1776,"comment_status":"closed","ping_status":"closed","sticky":false,"template":"","format":"standard","meta":{"footnotes":"","_links_to":"","_links_to_target":""},"categories":[2,33],"tags":[],"class_list":["post-1774","post","type-post","status-publish","format-standard","has-post-thumbnail","hentry","category-actualidad","category-actualidad-bolivar"],"_links":{"self":[{"href":"https:\/\/revistazetta.com\/index.php?rest_route=\/wp\/v2\/posts\/1774","targetHints":{"allow":["GET"]}}],"collection":[{"href":"https:\/\/revistazetta.com\/index.php?rest_route=\/wp\/v2\/posts"}],"about":[{"href":"https:\/\/revistazetta.com\/index.php?rest_route=\/wp\/v2\/types\/post"}],"author":[{"embeddable":true,"href":"https:\/\/revistazetta.com\/index.php?rest_route=\/wp\/v2\/users\/3"}],"replies":[{"embeddable":true,"href":"https:\/\/revistazetta.com\/index.php?rest_route=%2Fwp%2Fv2%2Fcomments&post=1774"}],"version-history":[{"count":0,"href":"https:\/\/revistazetta.com\/index.php?rest_route=\/wp\/v2\/posts\/1774\/revisions"}],"wp:featuredmedia":[{"embeddable":true,"href":"https:\/\/revistazetta.com\/index.php?rest_route=\/wp\/v2\/media\/1776"}],"wp:attachment":[{"href":"https:\/\/revistazetta.com\/index.php?rest_route=%2Fwp%2Fv2%2Fmedia&parent=1774"}],"wp:term":[{"taxonomy":"category","embeddable":true,"href":"https:\/\/revistazetta.com\/index.php?rest_route=%2Fwp%2Fv2%2Fcategories&post=1774"},{"taxonomy":"post_tag","embeddable":true,"href":"https:\/\/revistazetta.com\/index.php?rest_route=%2Fwp%2Fv2%2Ftags&post=1774"}],"curies":[{"name":"wp","href":"https:\/\/api.w.org\/{rel}","templated":true}]}}