{"id":17752,"date":"2016-11-28T18:34:19","date_gmt":"2016-11-28T23:34:19","guid":{"rendered":"http:\/\/www.revistazetta.com\/?p=17752"},"modified":"2016-11-28T18:34:19","modified_gmt":"2016-11-28T23:34:19","slug":"se-lanza-concurso-fotografia-relacionado-la-prevencion-del-consumo-drogas","status":"publish","type":"post","link":"https:\/\/revistazetta.com\/?p=17752","title":{"rendered":"Se lanza concurso de fotograf\u00eda relacionado con la prevenci\u00f3n del consumo de drogas"},"content":{"rendered":"<p>Dadis en asocio con la ESE Hospital Local Cartagena de Indias y la cl\u00ednica Maternidad Rafael Calvo, lanz\u00f3 un concurso de fotograf\u00eda \u2018- Drogas + Arte\u2019 que busca que los j\u00f3venes registren con sus c\u00e1maras experiencias en relaci\u00f3n con la prevenci\u00f3n del consumo de sustancias psicoactivas capturadas en fotograf\u00edas. <\/p>\n<p>\u00c1ngela Armesto, coordinadora del programa de Salud Mental del Dadis, explic\u00f3 que este concurso se realiza para que los j\u00f3venes empleen su tiempo en actividades que favorezcan el estilo de vida saludable; \u201cDesde el Distrito nos preocupa que la edad del consumo de sustancias psicoactivas comience cada vez a m\u00e1s temprana edad. Hoy en d\u00eda, el promedio est\u00e1 en los 12 a\u00f1os, por eso en esta \u00e9poca de fin de a\u00f1o donde los j\u00f3venes tienen m\u00e1s tiempo libre debemos ocuparlos en estas actividades\u00bb. <\/p>\n<p>Desde este lunes y hasta el viernes 16 de diciembre, j\u00f3venes desde los 14 a\u00f1os podr\u00e1n inscribirse en la p\u00e1gina del Dadis, www.dadiscartagena.gov.co y una vez vinculados, los aspirantes deber\u00e1n subir sus fotograf\u00edas al link \u2018- Drogas + Arte\u2019 que encontrar\u00e1 en esa p\u00e1gina. <\/p>\n<p>\u201cEl concurso contempla una preselecci\u00f3n de las 20 mejores fotograf\u00edas que ser\u00e1n escogidas teniendo en cuenta los criterios t\u00e9cnicos definidos por los organizadores del concurso, que se relacionan con el cumplimiento de las bases del mismo, y la veracidad de los datos de la ficha de inscripci\u00f3n: las cuales estar\u00e1n colgadas en la p\u00e1gina web www.dadiscartagena.gov.co<\/p>\n<p>Para la preselecci\u00f3n se otorgar\u00e1 un valor importante a la descripci\u00f3n de la fotograf\u00eda que el participante adjunte en la ficha de inscripci\u00f3n y la pertinencia de la misma con el tema propuesto. Otro criterio de selecci\u00f3n importante es el n\u00famero de \u2018likes\u2019 que cada fotograf\u00eda logre sumar\u201d, manifest\u00f3 Amaury Montero, coordinador del concurso.<br \/>\nComo reconocimiento a la creatividad y habilidad art\u00edstica para el trabajo fotogr\u00e1fico de los participantes se premiar\u00e1n a los autores de las tres mejores fotograf\u00edas de la siguiente manera:<\/p>\n<p>Una c\u00e1mara fotogr\u00e1fica profesional &#8211; para el primer lugar.<br \/>\nUn equipo celular de alta gama \u2013 para el segundo lugar.<br \/>\n500.000 mil pesos (moneda legal colombiana) &#8211; para el tercer lugar.<\/p>\n","protected":false},"excerpt":{"rendered":"<p>Dadis en asocio con la ESE Hospital Local Cartagena de Indias y la cl\u00ednica Maternidad Rafael Calvo, lanz\u00f3 un concurso de fotograf\u00eda \u2018- Drogas + Arte\u2019 que busca que los j\u00f3venes registren con sus c\u00e1maras experiencias en relaci\u00f3n con la prevenci\u00f3n del consumo de sustancias psicoactivas capturadas en fotograf\u00edas. \u00c1ngela Armesto, coordinadora del programa de Salud Mental del Dadis, explic\u00f3 que este concurso se realiza para que los j\u00f3venes empleen su tiempo en actividades que favorezcan el estilo de vida saludable; \u201cDesde el Distrito nos preocupa que la edad del&#8230; <\/p>\n","protected":false},"author":3,"featured_media":17753,"comment_status":"open","ping_status":"closed","sticky":false,"template":"","format":"standard","meta":{"footnotes":"","_links_to":"","_links_to_target":""},"categories":[2],"tags":[],"class_list":["post-17752","post","type-post","status-publish","format-standard","has-post-thumbnail","hentry","category-actualidad"],"_links":{"self":[{"href":"https:\/\/revistazetta.com\/index.php?rest_route=\/wp\/v2\/posts\/17752","targetHints":{"allow":["GET"]}}],"collection":[{"href":"https:\/\/revistazetta.com\/index.php?rest_route=\/wp\/v2\/posts"}],"about":[{"href":"https:\/\/revistazetta.com\/index.php?rest_route=\/wp\/v2\/types\/post"}],"author":[{"embeddable":true,"href":"https:\/\/revistazetta.com\/index.php?rest_route=\/wp\/v2\/users\/3"}],"replies":[{"embeddable":true,"href":"https:\/\/revistazetta.com\/index.php?rest_route=%2Fwp%2Fv2%2Fcomments&post=17752"}],"version-history":[{"count":0,"href":"https:\/\/revistazetta.com\/index.php?rest_route=\/wp\/v2\/posts\/17752\/revisions"}],"wp:featuredmedia":[{"embeddable":true,"href":"https:\/\/revistazetta.com\/index.php?rest_route=\/wp\/v2\/media\/17753"}],"wp:attachment":[{"href":"https:\/\/revistazetta.com\/index.php?rest_route=%2Fwp%2Fv2%2Fmedia&parent=17752"}],"wp:term":[{"taxonomy":"category","embeddable":true,"href":"https:\/\/revistazetta.com\/index.php?rest_route=%2Fwp%2Fv2%2Fcategories&post=17752"},{"taxonomy":"post_tag","embeddable":true,"href":"https:\/\/revistazetta.com\/index.php?rest_route=%2Fwp%2Fv2%2Ftags&post=17752"}],"curies":[{"name":"wp","href":"https:\/\/api.w.org\/{rel}","templated":true}]}}