{"id":17766,"date":"2016-11-29T14:46:11","date_gmt":"2016-11-29T19:46:11","guid":{"rendered":"http:\/\/www.revistazetta.com\/?p=17766"},"modified":"2016-11-29T14:46:11","modified_gmt":"2016-11-29T19:46:11","slug":"cartagena-pedalea-se-busca-promover-la-bicicleta-transporte-urbano","status":"publish","type":"post","link":"https:\/\/revistazetta.com\/?p=17766","title":{"rendered":"Con \u2018Cartagena Pedalea\u2019, se busca promover la bicicleta como transporte urbano"},"content":{"rendered":"<p>La Alcald\u00eda de Cartagena empieza la campa\u00f1a \u2018Cartagena Pedalea\u2019 con el apoyo de la Financiera de Desarrollo Teritorial- Findeter, la Embajada de Holanda, la organizaci\u00f3n Despacio, la consultora holandesa JB Mobility y la aplicaci\u00f3n m\u00f3vil Biko. La iniciativa busca promover el uso de la bicicleta como transporte urbano,  con el fin de convertir a la Heroica en una ciudad m\u00e1s sostenible ambientalmente hablando.<\/p>\n<p>\u201cEn la ciudad de Cartagena siempre hemos hablado de la inclusi\u00f3n de la bicicleta como transporte urbano, esta misma iniciativa nos ha llevado a realizar este estudio que nos arrojar\u00e1 las necesidades que tienen los ciudadanos y empezar a entregar los resultados que necesitamos para iniciar este proyecto de desarrollo sostenible\u201d, dijo el alcalde de Cartagena, Manolo Duque.<\/p>\n<p>Durante la presentaci\u00f3n de la campa\u00f1a a los medios, el senador de la Rep\u00fablica, Andr\u00e9s Garc\u00eda Zuccardi, hizo referencia a la Ley 046 de 20 16 o Pro- Bici, que tiene como fin promocionar el uso de la bicicleta en el pa\u00eds a trav\u00e9s de incentivos para quienes se transporten en este medio.<\/p>\n<p>\u201cPor los problemas de movilidad en las principales ciudades, las tarifas altas del transporte y el cambio clim\u00e1tico, la bicicleta se convierte no solo en el medio de movilizaci\u00f3n m\u00e1s democr\u00e1tico, sino adem\u00e1s en el m\u00e1s eficiente y amable en la ciudad. Apoyo desde todo punto de vista estas iniciativas que promuevan un desarrollo sostenible\u201d, asegur\u00f3 Garc\u00eda.<\/p>\n<p>Durante tres meses seguidos se busca obtener un conocimiento detallado del uso de la bicicleta en la ciudad, a trav\u00e9s del registro de recorridos  utilizando la app colombiana BIKO que incentiva el uso de la bicicleta en las ciudades premiando al ciclista urbano. Tiene alrededor de 100.000 usuarios en las ciudades de Bogot\u00e1, Medell\u00edn, M\u00e9xico DF y Vancouver. <\/p>\n<p>\u201cCualquier persona que tenga un celular, no necesita uno de alta gama, pueda descargar la aplicaci\u00f3n BIKO y registrar sus recorridos y contarnos su experiencia, de esta manera nosotros iremos construyendo los conocimientos que necesitamos para el diagn\u00f3stico\u201d, expres\u00f3 Carlos Pardo, director de la Fundaci\u00f3n Despacio.<\/p>\n<p>Las personas que hagan trayectos en bicicleta no s\u00f3lo podr\u00e1n ganar premios, como un tiquete a\u00e9reo o una bicicleta, sino que adem\u00e1s estar\u00edan aportando informaci\u00f3n que permita a la ciudad desarrollar pol\u00edticas de ciclo \u2013 inclusi\u00f3n y contribuya a  mejorar la calidad de vida a trav\u00e9s del uso de transportes sostenibles.<\/p>\n<p><strong>\u00bfC\u00f3mo funciona Biko?<\/strong><\/p>\n<p>Biko registra el recorrido en bicicleta. Por cada km recorrido el usuario recibe un biko. El biko es una moneda virtual que despu\u00e9s puede canjear en la red de aliados por beneficios.  1. Pedalea y gana bikos 2. Redime tus bikos. 3. Disfruta de beneficios (por ejemplo, descuentos en restaurantes, establecimientos de comercio, etc).<br \/>\nPara la campa\u00f1a \u2018Cartagena Pedalea\u2019 las personas podr\u00e1n redimir sus bikos (kms. recorridos en bici) para ganar un viaje a cualquier destino nacional o una bicicleta. La aplicaci\u00f3n Biko est\u00e1 disponible para Android y para IOS.<\/p>\n<p> <strong><br \/>\n \u00bfPor qu\u00e9 es importante que se registren los recorridos de los cartageneros en la app?<\/strong><br \/>\nPorque es la \u00fanica manera de proveer datos certeros que permitan desarrollar las pol\u00edticas de ciclo inclusi\u00f3n de la ciudad. <\/p>\n","protected":false},"excerpt":{"rendered":"<p>La Alcald\u00eda de Cartagena empieza la campa\u00f1a \u2018Cartagena Pedalea\u2019 con el apoyo de la Financiera de Desarrollo Teritorial- Findeter, la Embajada de Holanda, la organizaci\u00f3n Despacio, la consultora holandesa JB Mobility y la aplicaci\u00f3n m\u00f3vil Biko. La iniciativa busca promover el uso de la bicicleta como transporte urbano, con el fin de convertir a la Heroica en una ciudad m\u00e1s sostenible ambientalmente hablando. \u201cEn la ciudad de Cartagena siempre hemos hablado de la inclusi\u00f3n de la bicicleta como transporte urbano, esta misma iniciativa nos ha llevado a realizar este estudio&#8230; <\/p>\n","protected":false},"author":3,"featured_media":17767,"comment_status":"open","ping_status":"closed","sticky":false,"template":"","format":"standard","meta":{"footnotes":"","_links_to":"","_links_to_target":""},"categories":[75,32],"tags":[],"class_list":["post-17766","post","type-post","status-publish","format-standard","has-post-thumbnail","hentry","category-destacada","category-actualidad-distrito"],"_links":{"self":[{"href":"https:\/\/revistazetta.com\/index.php?rest_route=\/wp\/v2\/posts\/17766","targetHints":{"allow":["GET"]}}],"collection":[{"href":"https:\/\/revistazetta.com\/index.php?rest_route=\/wp\/v2\/posts"}],"about":[{"href":"https:\/\/revistazetta.com\/index.php?rest_route=\/wp\/v2\/types\/post"}],"author":[{"embeddable":true,"href":"https:\/\/revistazetta.com\/index.php?rest_route=\/wp\/v2\/users\/3"}],"replies":[{"embeddable":true,"href":"https:\/\/revistazetta.com\/index.php?rest_route=%2Fwp%2Fv2%2Fcomments&post=17766"}],"version-history":[{"count":0,"href":"https:\/\/revistazetta.com\/index.php?rest_route=\/wp\/v2\/posts\/17766\/revisions"}],"wp:featuredmedia":[{"embeddable":true,"href":"https:\/\/revistazetta.com\/index.php?rest_route=\/wp\/v2\/media\/17767"}],"wp:attachment":[{"href":"https:\/\/revistazetta.com\/index.php?rest_route=%2Fwp%2Fv2%2Fmedia&parent=17766"}],"wp:term":[{"taxonomy":"category","embeddable":true,"href":"https:\/\/revistazetta.com\/index.php?rest_route=%2Fwp%2Fv2%2Fcategories&post=17766"},{"taxonomy":"post_tag","embeddable":true,"href":"https:\/\/revistazetta.com\/index.php?rest_route=%2Fwp%2Fv2%2Ftags&post=17766"}],"curies":[{"name":"wp","href":"https:\/\/api.w.org\/{rel}","templated":true}]}}