{"id":17768,"date":"2016-11-29T15:05:37","date_gmt":"2016-11-29T20:05:37","guid":{"rendered":"http:\/\/www.revistazetta.com\/?p=17768"},"modified":"2016-11-29T15:08:00","modified_gmt":"2016-11-29T20:08:00","slug":"inicia-implementacion-del-plan-manejo-ambiental-recuperar-plaza-bazurto","status":"publish","type":"post","link":"https:\/\/revistazetta.com\/?p=17768","title":{"rendered":"Inicia implementaci\u00f3n del Plan de  Manejo Ambiental para recuperar plaza de Bazurto"},"content":{"rendered":"<p>La Administraci\u00f3n Distrital puso en marcha en el mercado de Bazurto la campa\u00f1a \u2018Bazurto Limpio\u2019 que da paso a la implementaci\u00f3n del Plan de Manejo Ambiental en la principal plaza de mercados de Cartagena.<\/p>\n<p>La jornada es liderada por la  Administraci\u00f3n del Mercado, en coordinaci\u00f3n con  la empresa  de Aseo Urbano de la Costa, el Establecimiento Publico Ambiental, EPA y la Secretar\u00eda de Servicios P\u00fablicos del Distrito, que dan herramientas a comerciantes y usuarios ubicando contenedores a lo largo de la Avenida del Lago y varios puntos al interior del Mercado para el adecuado manejo de los residuos s\u00f3lidos.<br \/>\n<img loading=\"lazy\" decoding=\"async\" src=\"https:\/\/www.revistazetta.com\/wp-content\/uploads\/2016\/11\/Bazurto-limpio1-300x187.jpg\" alt=\"bazurto-limpio1\" width=\"300\" height=\"187\" class=\"alignright size-medium wp-image-17771\" srcset=\"https:\/\/revistazetta.com\/wp-content\/uploads\/2016\/11\/Bazurto-limpio1-300x187.jpg 300w, https:\/\/revistazetta.com\/wp-content\/uploads\/2016\/11\/Bazurto-limpio1-234x146.jpg 234w, https:\/\/revistazetta.com\/wp-content\/uploads\/2016\/11\/Bazurto-limpio1-50x31.jpg 50w, https:\/\/revistazetta.com\/wp-content\/uploads\/2016\/11\/Bazurto-limpio1-120x75.jpg 120w, https:\/\/revistazetta.com\/wp-content\/uploads\/2016\/11\/Bazurto-limpio1.jpg 570w\" sizes=\"auto, (max-width: 300px) 100vw, 300px\" \/><\/p>\n<p><img loading=\"lazy\" decoding=\"async\" src=\"https:\/\/www.revistazetta.com\/wp-content\/uploads\/2016\/11\/Bazurto-limpio2-300x187.jpg\" alt=\"bazurto-limpio2\" width=\"300\" height=\"187\" class=\"alignright size-medium wp-image-17772\" srcset=\"https:\/\/revistazetta.com\/wp-content\/uploads\/2016\/11\/Bazurto-limpio2-300x187.jpg 300w, https:\/\/revistazetta.com\/wp-content\/uploads\/2016\/11\/Bazurto-limpio2-234x146.jpg 234w, https:\/\/revistazetta.com\/wp-content\/uploads\/2016\/11\/Bazurto-limpio2-50x31.jpg 50w, https:\/\/revistazetta.com\/wp-content\/uploads\/2016\/11\/Bazurto-limpio2-120x75.jpg 120w, https:\/\/revistazetta.com\/wp-content\/uploads\/2016\/11\/Bazurto-limpio2.jpg 570w\" sizes=\"auto, (max-width: 300px) 100vw, 300px\" \/><\/p>\n<p><img loading=\"lazy\" decoding=\"async\" src=\"https:\/\/www.revistazetta.com\/wp-content\/uploads\/2016\/11\/Bazurto-limpio3-300x187.jpg\" alt=\"bazurto-limpio3\" width=\"300\" height=\"187\" class=\"alignright size-medium wp-image-17773\" srcset=\"https:\/\/revistazetta.com\/wp-content\/uploads\/2016\/11\/Bazurto-limpio3-300x187.jpg 300w, https:\/\/revistazetta.com\/wp-content\/uploads\/2016\/11\/Bazurto-limpio3-234x146.jpg 234w, https:\/\/revistazetta.com\/wp-content\/uploads\/2016\/11\/Bazurto-limpio3-50x31.jpg 50w, https:\/\/revistazetta.com\/wp-content\/uploads\/2016\/11\/Bazurto-limpio3-120x75.jpg 120w, https:\/\/revistazetta.com\/wp-content\/uploads\/2016\/11\/Bazurto-limpio3.jpg 570w\" sizes=\"auto, (max-width: 300px) 100vw, 300px\" \/><br \/>\nOperarios de la empresa de Aseo Urbano, retiraron 1.5 toneladas de residuos s\u00f3lidos, consistentes en vidrio, cart\u00f3n, latas, botellas al tiempo que  removieron cerca de 10 cambuches que se hab\u00edan construido detr\u00e1s de la malla a la orilla de la ci\u00e9naga de las Quintas, explic\u00f3 Javier \u00c1ngel Mej\u00eda, supervisor de la empresa Aseo Urbano de la Costa.<\/p>\n<p>El Distrito, a trav\u00e9s de la administraci\u00f3n del Mercado, al mismo tiempo est\u00e1 adelantando campa\u00f1as de concientizaci\u00f3n, dirigidas a comerciantes y usuarios para que entren en la cultura de no arrojar desperdicios  al suelo,  teniendo en cuenta que el compromiso de manejar las basuras es de cada ciudadano, asegur\u00f3 el administrador de esa plaza de Mercado, Eusebio Mac\u00edas Cabrera<\/p>\n","protected":false},"excerpt":{"rendered":"<p>La Administraci\u00f3n Distrital puso en marcha en el mercado de Bazurto la campa\u00f1a \u2018Bazurto Limpio\u2019 que da paso a la implementaci\u00f3n del Plan de Manejo Ambiental en la principal plaza de mercados de Cartagena. La jornada es liderada por la Administraci\u00f3n del Mercado, en coordinaci\u00f3n con la empresa de Aseo Urbano de la Costa, el Establecimiento Publico Ambiental, EPA y la Secretar\u00eda de Servicios P\u00fablicos del Distrito, que dan herramientas a comerciantes y usuarios ubicando contenedores a lo largo de la Avenida del Lago y varios puntos al interior del&#8230; <\/p>\n","protected":false},"author":3,"featured_media":17769,"comment_status":"open","ping_status":"closed","sticky":false,"template":"","format":"standard","meta":{"footnotes":"","_links_to":"","_links_to_target":""},"categories":[32,85],"tags":[],"class_list":["post-17768","post","type-post","status-publish","format-standard","has-post-thumbnail","hentry","category-actualidad-distrito","category-cartagena"],"_links":{"self":[{"href":"https:\/\/revistazetta.com\/index.php?rest_route=\/wp\/v2\/posts\/17768","targetHints":{"allow":["GET"]}}],"collection":[{"href":"https:\/\/revistazetta.com\/index.php?rest_route=\/wp\/v2\/posts"}],"about":[{"href":"https:\/\/revistazetta.com\/index.php?rest_route=\/wp\/v2\/types\/post"}],"author":[{"embeddable":true,"href":"https:\/\/revistazetta.com\/index.php?rest_route=\/wp\/v2\/users\/3"}],"replies":[{"embeddable":true,"href":"https:\/\/revistazetta.com\/index.php?rest_route=%2Fwp%2Fv2%2Fcomments&post=17768"}],"version-history":[{"count":0,"href":"https:\/\/revistazetta.com\/index.php?rest_route=\/wp\/v2\/posts\/17768\/revisions"}],"wp:featuredmedia":[{"embeddable":true,"href":"https:\/\/revistazetta.com\/index.php?rest_route=\/wp\/v2\/media\/17769"}],"wp:attachment":[{"href":"https:\/\/revistazetta.com\/index.php?rest_route=%2Fwp%2Fv2%2Fmedia&parent=17768"}],"wp:term":[{"taxonomy":"category","embeddable":true,"href":"https:\/\/revistazetta.com\/index.php?rest_route=%2Fwp%2Fv2%2Fcategories&post=17768"},{"taxonomy":"post_tag","embeddable":true,"href":"https:\/\/revistazetta.com\/index.php?rest_route=%2Fwp%2Fv2%2Ftags&post=17768"}],"curies":[{"name":"wp","href":"https:\/\/api.w.org\/{rel}","templated":true}]}}