{"id":17774,"date":"2016-11-29T15:19:48","date_gmt":"2016-11-29T20:19:48","guid":{"rendered":"http:\/\/www.revistazetta.com\/?p=17774"},"modified":"2016-11-29T15:19:48","modified_gmt":"2016-11-29T20:19:48","slug":"ultima-semana-jornada-gratuita-identificacion","status":"publish","type":"post","link":"https:\/\/revistazetta.com\/?p=17774","title":{"rendered":"\u00daltima semana de jornada gratuita de identificaci\u00f3n"},"content":{"rendered":"<p>El director del Plan de Emergencia Social Pedro Romero (PES-PR), Javier Lora, hizo un llamado a las comunidades para que aprovechen los \u00faltimos d\u00edas la jornada masiva de identificaci\u00f3n que a la fecha ha identificado a 14.745 personas. <\/p>\n<p>La jornada de identificaci\u00f3n que en un principio contaba con 76 d\u00edas seguidos de trabajo por diferentes barrios y corregimientos de la ciudad, tuvo una ampliaci\u00f3n de 19 d\u00edas, gracias a la gran acogida y demanda en los sectores m\u00e1s vulnerables, empezando el 21 de noviembre para finalizar el 9 de diciembre.<\/p>\n<p>A la fecha, se han expedido 240 registros civiles, 4.976 tarjeas de identidad por primera vez, 2.321 renovaciones y 763 duplicados, as\u00ed mismo se han expedido 1.046 c\u00e9dulas de ciudadan\u00eda por primera vez, 5.363 duplicados, 34 renovaciones y 2 rectificaciones y se espera que el n\u00famero aumente en los lugares que a\u00fan faltan por visitar.<\/p>\n<p>Estos \u00faltimos d\u00edas de jornada desde el 1 al 9 de diciembre, a excepci\u00f3n del 4 donde se le realizar\u00e1 mantenimiento a las m\u00e1quinas, beneficiar\u00e1 a las comunidades de La Candelaria, Huellas de A. Uribe, Villa Estrella, Cartagenita, Arroz Barato, Navas Meisel, El Milagro y Nelson Mandela sector Las Vegas.<\/p>\n","protected":false},"excerpt":{"rendered":"<p>El director del Plan de Emergencia Social Pedro Romero (PES-PR), Javier Lora, hizo un llamado a las comunidades para que aprovechen los \u00faltimos d\u00edas la jornada masiva de identificaci\u00f3n que a la fecha ha identificado a 14.745 personas. La jornada de identificaci\u00f3n que en un principio contaba con 76 d\u00edas seguidos de trabajo por diferentes barrios y corregimientos de la ciudad, tuvo una ampliaci\u00f3n de 19 d\u00edas, gracias a la gran acogida y demanda en los sectores m\u00e1s vulnerables, empezando el 21 de noviembre para finalizar el 9 de diciembre&#8230;. <\/p>\n","protected":false},"author":3,"featured_media":17775,"comment_status":"open","ping_status":"closed","sticky":false,"template":"","format":"standard","meta":{"footnotes":"","_links_to":"","_links_to_target":""},"categories":[32,86],"tags":[],"class_list":["post-17774","post","type-post","status-publish","format-standard","has-post-thumbnail","hentry","category-actualidad-distrito","category-comunidad"],"_links":{"self":[{"href":"https:\/\/revistazetta.com\/index.php?rest_route=\/wp\/v2\/posts\/17774","targetHints":{"allow":["GET"]}}],"collection":[{"href":"https:\/\/revistazetta.com\/index.php?rest_route=\/wp\/v2\/posts"}],"about":[{"href":"https:\/\/revistazetta.com\/index.php?rest_route=\/wp\/v2\/types\/post"}],"author":[{"embeddable":true,"href":"https:\/\/revistazetta.com\/index.php?rest_route=\/wp\/v2\/users\/3"}],"replies":[{"embeddable":true,"href":"https:\/\/revistazetta.com\/index.php?rest_route=%2Fwp%2Fv2%2Fcomments&post=17774"}],"version-history":[{"count":0,"href":"https:\/\/revistazetta.com\/index.php?rest_route=\/wp\/v2\/posts\/17774\/revisions"}],"wp:featuredmedia":[{"embeddable":true,"href":"https:\/\/revistazetta.com\/index.php?rest_route=\/wp\/v2\/media\/17775"}],"wp:attachment":[{"href":"https:\/\/revistazetta.com\/index.php?rest_route=%2Fwp%2Fv2%2Fmedia&parent=17774"}],"wp:term":[{"taxonomy":"category","embeddable":true,"href":"https:\/\/revistazetta.com\/index.php?rest_route=%2Fwp%2Fv2%2Fcategories&post=17774"},{"taxonomy":"post_tag","embeddable":true,"href":"https:\/\/revistazetta.com\/index.php?rest_route=%2Fwp%2Fv2%2Ftags&post=17774"}],"curies":[{"name":"wp","href":"https:\/\/api.w.org\/{rel}","templated":true}]}}