{"id":17778,"date":"2016-11-29T18:24:46","date_gmt":"2016-11-29T23:24:46","guid":{"rendered":"http:\/\/www.revistazetta.com\/?p=17778"},"modified":"2016-11-29T18:24:46","modified_gmt":"2016-11-29T23:24:46","slug":"docente-bolivarense-ha-nominada-heroe-la-educacion","status":"publish","type":"post","link":"https:\/\/revistazetta.com\/?p=17778","title":{"rendered":"Docente bolivarense ha sido nominada como \u201ch\u00e9roe de la educaci\u00f3n\u201d"},"content":{"rendered":"<p>Luz Nellis Camacho Berrio, docente de la instituci\u00f3n educativa Santa Fe de Icotea, en Marialabaja, por el Ministerio de Educaci\u00f3n Nacional como \u201ch\u00e9roe de la Educaci\u00f3n\u201d por implementar el proyecto \u201cFortalecimiento de la Convivencia y Paz en un marco Intercultural de la Instituci\u00f3n Educativa Santa Fe de Icotea\u201d.<\/p>\n<p>La docente fue postulada por el programa \u201cTodos  a Aprender\u201d, como una maestra que cumplen sue\u00f1o, porque adem\u00e1s de adelantar su labor acad\u00e9mica, impuls\u00f3 la consecuci\u00f3n del lote para la construcci\u00f3n de la escuela y con su gran labor gener\u00f3 impacto positivo y trasformador en sus alumnos y comunidad educativa que lo rodea.<\/p>\n<p>El reconocido director, guionista, productor de cine y televisi\u00f3n, Sergio Cabrera, lleg\u00f3 hasta la vereda Paso el Medio, corregimiento de Matuya, municipio de Marialabaja, para conocer la historia de la profesora. <\/p>\n<p> \u201cEl maestro Cabrera lleg\u00f3 para conocer la experiencia y darle vida a cada relato que permita conocer acerca de la labor que adelantamos con los 130 ni\u00f1os, ni\u00f1as y j\u00f3venes en la escuela\u201d, indic\u00f3 la profesora.<\/p>\n<p>Camacho Berrio, asegur\u00f3 que desde el a\u00f1o 2007  inici\u00f3 un proceso de sensibilizaci\u00f3n comunitaria para formar y educar a los chicos de la vereda al lado de su hogar, \u201ccon participaci\u00f3n comunitaria adquirimos el lote y conformamos el consejo de padres, le dimos forma y vida a la educaci\u00f3n de Paso el Medio\u201d, subray\u00f3.<\/p>\n<p>Por su parte, Manuel Antonio Azuero Angulo, secretario de Educaci\u00f3n de Bol\u00edvar, asegur\u00f3 que desde la Gobernaci\u00f3n de Bol\u00edvar  se ha dise\u00f1ado un Plan para que en los pr\u00f3ximos cuatro a\u00f1os la profesi\u00f3n docente sea una de las m\u00e1s valoradas en el territorio y una parte de ello es reconocer  los esfuerzos que a diario hacen los maestros en el departamento.<\/p>\n","protected":false},"excerpt":{"rendered":"<p>Luz Nellis Camacho Berrio, docente de la instituci\u00f3n educativa Santa Fe de Icotea, en Marialabaja, por el Ministerio de Educaci\u00f3n Nacional como \u201ch\u00e9roe de la Educaci\u00f3n\u201d por implementar el proyecto \u201cFortalecimiento de la Convivencia y Paz en un marco Intercultural de la Instituci\u00f3n Educativa Santa Fe de Icotea\u201d. La docente fue postulada por el programa \u201cTodos a Aprender\u201d, como una maestra que cumplen sue\u00f1o, porque adem\u00e1s de adelantar su labor acad\u00e9mica, impuls\u00f3 la consecuci\u00f3n del lote para la construcci\u00f3n de la escuela y con su gran labor gener\u00f3 impacto positivo&#8230; <\/p>\n","protected":false},"author":3,"featured_media":17779,"comment_status":"open","ping_status":"closed","sticky":false,"template":"","format":"standard","meta":{"footnotes":"","_links_to":"","_links_to_target":""},"categories":[2],"tags":[],"class_list":["post-17778","post","type-post","status-publish","format-standard","has-post-thumbnail","hentry","category-actualidad"],"_links":{"self":[{"href":"https:\/\/revistazetta.com\/index.php?rest_route=\/wp\/v2\/posts\/17778","targetHints":{"allow":["GET"]}}],"collection":[{"href":"https:\/\/revistazetta.com\/index.php?rest_route=\/wp\/v2\/posts"}],"about":[{"href":"https:\/\/revistazetta.com\/index.php?rest_route=\/wp\/v2\/types\/post"}],"author":[{"embeddable":true,"href":"https:\/\/revistazetta.com\/index.php?rest_route=\/wp\/v2\/users\/3"}],"replies":[{"embeddable":true,"href":"https:\/\/revistazetta.com\/index.php?rest_route=%2Fwp%2Fv2%2Fcomments&post=17778"}],"version-history":[{"count":0,"href":"https:\/\/revistazetta.com\/index.php?rest_route=\/wp\/v2\/posts\/17778\/revisions"}],"wp:featuredmedia":[{"embeddable":true,"href":"https:\/\/revistazetta.com\/index.php?rest_route=\/wp\/v2\/media\/17779"}],"wp:attachment":[{"href":"https:\/\/revistazetta.com\/index.php?rest_route=%2Fwp%2Fv2%2Fmedia&parent=17778"}],"wp:term":[{"taxonomy":"category","embeddable":true,"href":"https:\/\/revistazetta.com\/index.php?rest_route=%2Fwp%2Fv2%2Fcategories&post=17778"},{"taxonomy":"post_tag","embeddable":true,"href":"https:\/\/revistazetta.com\/index.php?rest_route=%2Fwp%2Fv2%2Ftags&post=17778"}],"curies":[{"name":"wp","href":"https:\/\/api.w.org\/{rel}","templated":true}]}}