{"id":17791,"date":"2016-11-30T07:05:04","date_gmt":"2016-11-30T12:05:04","guid":{"rendered":"http:\/\/www.revistazetta.com\/?p=17791"},"modified":"2016-11-30T07:17:42","modified_gmt":"2016-11-30T12:17:42","slug":"se-enriquece-debate-maltrato-femenino","status":"publish","type":"post","link":"https:\/\/revistazetta.com\/?p=17791","title":{"rendered":"Abogan por creaci\u00f3n de la Secretar\u00eda de la Mujer"},"content":{"rendered":"<p><img loading=\"lazy\" decoding=\"async\" class=\"alignright size-medium wp-image-17796\" src=\"https:\/\/www.revistazetta.com\/wp-content\/uploads\/2016\/11\/2016-11-25-PHOTO-00000005-300x188.jpg\" alt=\"2016-11-25-photo-00000005\" width=\"300\" height=\"188\" srcset=\"https:\/\/revistazetta.com\/wp-content\/uploads\/2016\/11\/2016-11-25-PHOTO-00000005-300x188.jpg 300w, https:\/\/revistazetta.com\/wp-content\/uploads\/2016\/11\/2016-11-25-PHOTO-00000005-234x146.jpg 234w, https:\/\/revistazetta.com\/wp-content\/uploads\/2016\/11\/2016-11-25-PHOTO-00000005-50x31.jpg 50w, https:\/\/revistazetta.com\/wp-content\/uploads\/2016\/11\/2016-11-25-PHOTO-00000005-120x75.jpg 120w, https:\/\/revistazetta.com\/wp-content\/uploads\/2016\/11\/2016-11-25-PHOTO-00000005.jpg 576w\" sizes=\"auto, (max-width: 300px) 100vw, 300px\" \/>Para conmemorar el D\u00eda Internacional de la Eliminaci\u00f3n de la Violencia Contra la Mujer, el concejal Ronald Fortich Rodelo lider\u00f3 un conversatorio para enriquecer el debate contra el maltrato a la mujer.<\/p>\n<p>Luego de aprobarse en la plenaria de la corporaci\u00f3n la propuesta presentada por el cabildante, que busca citar a varias entidades del estado, se abri\u00f3 el espacio para que varias organizaciones nutran el debate, que busca erradicar la violencia machista en la ciudad de Cartagena.<\/p>\n<p>El concejal Ronald Fortich asegur\u00f3 que \u201cinvitamos a diferentes actores a aunar esfuerzos en esta lucha de nuestras madres, esposas, hermanas e hijas, que no est\u00e1n solas y ahora m\u00e1s que nunca daremos la batalla para reivindicar sus derechos\u201d.<\/p>\n<p>\u201cHemos recogido unos insumos muy importantes que tenemos que resaltar y es que se amerita la Secretar\u00eda de la Mujer, para que se atienda todo lo relacionado con la mujer; fortalecer los equipos psicosociales de las Instituciones Educativas P\u00fablicas y de las Comisar\u00edas de Familia de la ciudad de Cartagena\u201d, puntualiz\u00f3.<\/p>\n<p><img loading=\"lazy\" decoding=\"async\" class=\"alignright size-medium wp-image-17797\" src=\"https:\/\/www.revistazetta.com\/wp-content\/uploads\/2016\/11\/2016-11-25-PHOTO-00000006-300x188.jpg\" alt=\"2016-11-25-photo-00000006\" width=\"300\" height=\"188\" \/>Finalmente enfatiz\u00f3 que \u201clas peticiones que hemos recogido de las mujeres las vamos a llevar al seno de la corporaci\u00f3n en un debate claro, que busque fortalecer el Plan de Desarrollo Primero La Gente, por una Cartagena Sostenible y Competitiva, en todo lo que tiene que ver con los asuntos de la Mujer\u201d.<\/p>\n<p>Por su parte Carolina Le\u00f3n, coordinadora de la Oficina de Asuntos para la Mujer, de la Secretar\u00eda de Participaci\u00f3n y Desarrollo Social, dijo que \u201ceste conversatorio es un espacio importante para que las mujeres podamos aprender a identificar aquellas manifestaciones que se constituyen en un siclo de violencia y sobre todo en un siclo de violencia de pareja, y nos convoca el seguir trabajando en el fortalecimiento de las instituciones que hacen parte de la ruta de atenci\u00f3n a la mujer\u201d.<\/p>\n<p>Diana Mart\u00ednez Berrocal, coordinadora del Componente de G\u00e9nero de la Gobernaci\u00f3n de Bol\u00edvar, asever\u00f3 que \u201ces necesario empoderar a la mujer bolivarense, que se valore, que se ame; con la estrategia de socializar las acciones que se est\u00e1n realizando para atacar la violencia contra la mujer en todas sus formas\u201d.<\/p>\n<p>En el conversatorio participaron las organizaciones red de Empoderamiento de Mujeres de Cartagena y Bol\u00edvar, Componente de Genero de la Gobernaci\u00f3n de Bol\u00edvar \u2013 Bol\u00edvar Avanza, Oficina de Asuntos para la Mujer del Distrito de Cartagena \u2013 Primero La Gente, Liga Internacional de Mujeres por la Paz y la Libertad &#8211; Limpal Colombia, representantes de la dirigencia comunal de los corregimientos, entre otras.<\/p>\n<p><img loading=\"lazy\" decoding=\"async\" class=\"alignright size-medium wp-image-17794\" src=\"https:\/\/www.revistazetta.com\/wp-content\/uploads\/2016\/11\/2016-11-25-PHOTO-00000003-300x188.jpg\" alt=\"2016-11-25-photo-00000003\" width=\"300\" height=\"188\" srcset=\"https:\/\/revistazetta.com\/wp-content\/uploads\/2016\/11\/2016-11-25-PHOTO-00000003-300x188.jpg 300w, https:\/\/revistazetta.com\/wp-content\/uploads\/2016\/11\/2016-11-25-PHOTO-00000003-234x146.jpg 234w, https:\/\/revistazetta.com\/wp-content\/uploads\/2016\/11\/2016-11-25-PHOTO-00000003-50x31.jpg 50w, https:\/\/revistazetta.com\/wp-content\/uploads\/2016\/11\/2016-11-25-PHOTO-00000003-120x75.jpg 120w, https:\/\/revistazetta.com\/wp-content\/uploads\/2016\/11\/2016-11-25-PHOTO-00000003.jpg 576w\" sizes=\"auto, (max-width: 300px) 100vw, 300px\" \/><\/p>\n","protected":false},"excerpt":{"rendered":"<p>Para conmemorar el D\u00eda Internacional de la Eliminaci\u00f3n de la Violencia Contra la Mujer, el concejal Ronald Fortich Rodelo lider\u00f3 un conversatorio para enriquecer el debate contra el maltrato a la mujer. Luego de aprobarse en la plenaria de la corporaci\u00f3n la propuesta presentada por el cabildante, que busca citar a varias entidades del estado, se abri\u00f3 el espacio para que varias organizaciones nutran el debate, que busca erradicar la violencia machista en la ciudad de Cartagena. El concejal Ronald Fortich asegur\u00f3 que \u201cinvitamos a diferentes actores a aunar esfuerzos&#8230; <\/p>\n","protected":false},"author":3,"featured_media":17792,"comment_status":"open","ping_status":"closed","sticky":false,"template":"","format":"standard","meta":{"footnotes":"","_links_to":"","_links_to_target":""},"categories":[75,4],"tags":[],"class_list":["post-17791","post","type-post","status-publish","format-standard","has-post-thumbnail","hentry","category-destacada","category-politica"],"_links":{"self":[{"href":"https:\/\/revistazetta.com\/index.php?rest_route=\/wp\/v2\/posts\/17791","targetHints":{"allow":["GET"]}}],"collection":[{"href":"https:\/\/revistazetta.com\/index.php?rest_route=\/wp\/v2\/posts"}],"about":[{"href":"https:\/\/revistazetta.com\/index.php?rest_route=\/wp\/v2\/types\/post"}],"author":[{"embeddable":true,"href":"https:\/\/revistazetta.com\/index.php?rest_route=\/wp\/v2\/users\/3"}],"replies":[{"embeddable":true,"href":"https:\/\/revistazetta.com\/index.php?rest_route=%2Fwp%2Fv2%2Fcomments&post=17791"}],"version-history":[{"count":0,"href":"https:\/\/revistazetta.com\/index.php?rest_route=\/wp\/v2\/posts\/17791\/revisions"}],"wp:featuredmedia":[{"embeddable":true,"href":"https:\/\/revistazetta.com\/index.php?rest_route=\/wp\/v2\/media\/17792"}],"wp:attachment":[{"href":"https:\/\/revistazetta.com\/index.php?rest_route=%2Fwp%2Fv2%2Fmedia&parent=17791"}],"wp:term":[{"taxonomy":"category","embeddable":true,"href":"https:\/\/revistazetta.com\/index.php?rest_route=%2Fwp%2Fv2%2Fcategories&post=17791"},{"taxonomy":"post_tag","embeddable":true,"href":"https:\/\/revistazetta.com\/index.php?rest_route=%2Fwp%2Fv2%2Ftags&post=17791"}],"curies":[{"name":"wp","href":"https:\/\/api.w.org\/{rel}","templated":true}]}}