{"id":17806,"date":"2016-11-30T14:07:33","date_gmt":"2016-11-30T19:07:33","guid":{"rendered":"http:\/\/www.revistazetta.com\/?p=17806"},"modified":"2016-11-30T14:07:33","modified_gmt":"2016-11-30T19:07:33","slug":"nuevas-redes-electricas-1-099-familias-del-barrio-san-francisco","status":"publish","type":"post","link":"https:\/\/revistazetta.com\/?p=17806","title":{"rendered":"Nuevas redes el\u00e9ctricas para 1.099 familias del barrio San Francisco"},"content":{"rendered":"<p>A trav\u00e9s del trabajo conjunto entre el  Ministerio de Minas y Energ\u00eda y Electricaribe, se le proporcionaron nuevas redes el\u00e9ctricas en sus casas a un total de 1099 familias en el barrio San Francisco de Cartagena.<\/p>\n<p>Las obras financiadas a trav\u00e9s del fondo Prone, benefician a los sectores de Lomas de Pay\u00e9, Para\u00edso y \u00c1frica del barrio San Francisco.Como parte del proyecto se desarrolla un trabajo mancomunado por parte del \u00e1rea de Gesti\u00f3n Social de Electricaribe y la Fundaci\u00f3n Mamonal, teniendo en cuenta que los usuarios tendr\u00e1n una medici\u00f3n individual.<\/p>\n<p>\u201cEn las socializaciones explicamos todos los temas concernientes al uso racional de la energ\u00eda y la manera c\u00f3mo se conduce la energ\u00eda el\u00e9ctrica en el hogar y los cuidados que debemos tener al manipularla\u201d, explic\u00f3 Ayleen Alvarez Mart\u00ednez, Gerente de Electricaribe en Bol\u00edvar.<\/p>\n<p>A partir de la instalaci\u00f3n de los medidores el consumo ser\u00e1 cobrado de manera individual, a diferencia de antes cuando los usuarios pagaban un valor m\u00ednimo o promedio. Esto implica que aquellas familias con m\u00e1s electrodom\u00e9sticos deber\u00e1n pagar m\u00e1s en su factura mensual de energ\u00eda.<\/p>\n<p>Igualmente al convertirse en barrios normalizados se acaba el sistema de cuotas y los usuarios pasan a recibir una factura que debe cancelarse en su totalidad para poder seguir contando con el suministro de energ\u00eda en sus viviendas.<\/p>\n<p>Ayleen Alvarez aclar\u00f3 que aunque el proceso comenz\u00f3 hace dos meses, en el mes de diciembre se emitir\u00e1 la primera factura, que contendr\u00e1 un valor total y el valor mensual.<\/p>\n","protected":false},"excerpt":{"rendered":"<p>A trav\u00e9s del trabajo conjunto entre el Ministerio de Minas y Energ\u00eda y Electricaribe, se le proporcionaron nuevas redes el\u00e9ctricas en sus casas a un total de 1099 familias en el barrio San Francisco de Cartagena. Las obras financiadas a trav\u00e9s del fondo Prone, benefician a los sectores de Lomas de Pay\u00e9, Para\u00edso y \u00c1frica del barrio San Francisco.Como parte del proyecto se desarrolla un trabajo mancomunado por parte del \u00e1rea de Gesti\u00f3n Social de Electricaribe y la Fundaci\u00f3n Mamonal, teniendo en cuenta que los usuarios tendr\u00e1n una medici\u00f3n individual&#8230;. <\/p>\n","protected":false},"author":3,"featured_media":0,"comment_status":"open","ping_status":"closed","sticky":false,"template":"","format":"standard","meta":{"footnotes":"","_links_to":"","_links_to_target":""},"categories":[40],"tags":[],"class_list":["post-17806","post","type-post","status-publish","format-standard","hentry","category-tuciudad"],"_links":{"self":[{"href":"https:\/\/revistazetta.com\/index.php?rest_route=\/wp\/v2\/posts\/17806","targetHints":{"allow":["GET"]}}],"collection":[{"href":"https:\/\/revistazetta.com\/index.php?rest_route=\/wp\/v2\/posts"}],"about":[{"href":"https:\/\/revistazetta.com\/index.php?rest_route=\/wp\/v2\/types\/post"}],"author":[{"embeddable":true,"href":"https:\/\/revistazetta.com\/index.php?rest_route=\/wp\/v2\/users\/3"}],"replies":[{"embeddable":true,"href":"https:\/\/revistazetta.com\/index.php?rest_route=%2Fwp%2Fv2%2Fcomments&post=17806"}],"version-history":[{"count":0,"href":"https:\/\/revistazetta.com\/index.php?rest_route=\/wp\/v2\/posts\/17806\/revisions"}],"wp:attachment":[{"href":"https:\/\/revistazetta.com\/index.php?rest_route=%2Fwp%2Fv2%2Fmedia&parent=17806"}],"wp:term":[{"taxonomy":"category","embeddable":true,"href":"https:\/\/revistazetta.com\/index.php?rest_route=%2Fwp%2Fv2%2Fcategories&post=17806"},{"taxonomy":"post_tag","embeddable":true,"href":"https:\/\/revistazetta.com\/index.php?rest_route=%2Fwp%2Fv2%2Ftags&post=17806"}],"curies":[{"name":"wp","href":"https:\/\/api.w.org\/{rel}","templated":true}]}}