{"id":17808,"date":"2016-11-30T15:19:06","date_gmt":"2016-11-30T20:19:06","guid":{"rendered":"http:\/\/www.revistazetta.com\/?p=17808"},"modified":"2016-11-30T15:19:06","modified_gmt":"2016-11-30T20:19:06","slug":"programa-todos-aprender-define-ruta-atencion-ano-lectivo-2017","status":"publish","type":"post","link":"https:\/\/revistazetta.com\/?p=17808","title":{"rendered":"Programa \u201cTodos a Aprender\u201d define  ruta de atenci\u00f3n para el a\u00f1o lectivo 2017"},"content":{"rendered":"<p>Rectores y directivos de las escuelas oficiales del departamento, se dieron cita en Cartagena, para programar los planes, actividades y acciones pedag\u00f3gicas para el a\u00f1o lectivo 2016, dise\u00f1ados por la iniciativa ministerial \u201cTodos a Aprender 2.0\u201d, en aquellas instituciones educativas con bajo desempe\u00f1o acad\u00e9mico en Bol\u00edvar.<\/p>\n<p>\u201cTodos a Aprender\u201d es una iniciativa del Ministerio de Educaci\u00f3n Nacional  de formaci\u00f3n del servicio educativo orientado a transformar  las pr\u00e1cticas de aula de los docentes en 190 instituciones educativas del departamento de bajo desempe\u00f1o acad\u00e9mico, ubicados en los 44 municipios no certificados de Bol\u00edvar.<\/p>\n<p>La estrategia nace en el a\u00f1o 2012 para la excelencia docente y acad\u00e9mica, en 2015 el programa sufre una reingenier\u00eda pedag\u00f3gica y se transforma en \u201cTodos a Aprender 2.0\u201d y estandariza la fidelidad de la formaci\u00f3n a tutores y docentes, fortalece el acompa\u00f1amiento en el aula para hacerlo genuinamente situado y optimiza la implementaci\u00f3n en la regi\u00f3n.<\/p>\n<p>Liliana Margarita Puello L\u00f3pez, coordinadora regional programa \u201cTodos a Aprender 2.0\u201d, dijo que la idea es hacer una planeaci\u00f3n con los directivos docentes para el a\u00f1o lectivo 2017, \u201cqueremos determinar cu\u00e1l va hacer el cronograma de trabajo e identificar que fortalezas y oportunidades de mejora tenemos para optimizar los resultados\u201d, indic\u00f3.<\/p>\n<p>La funcionaria asegur\u00f3, que el departamento evidenci\u00f3 mejoras en los resultados de las pruebas Saber 3\u00ba y 5\u00ba en 2016, \u201clos colegios acompa\u00f1ados con el programa mejoraron mucho, pero nuestro inter\u00e9s es que se mejoren much\u00edsimo m\u00e1s, este a\u00f1o ha sido muy fuerte el trabajo con los tutores que llegan a cada rinc\u00f3n del departamento, pero la idea es fortalecer, incluir y motivar m\u00e1s a nuestros directivos docentes\u201d, subray\u00f3 Puello L\u00f3pez.<\/p>\n<p>El programa en el departamento atiende 190 instituciones educativas, ha cualificado a 5.130 maestros, con el acompa\u00f1amiento de 190 tutores y 4 formadores.<\/p>\n","protected":false},"excerpt":{"rendered":"<p>Rectores y directivos de las escuelas oficiales del departamento, se dieron cita en Cartagena, para programar los planes, actividades y acciones pedag\u00f3gicas para el a\u00f1o lectivo 2016, dise\u00f1ados por la iniciativa ministerial \u201cTodos a Aprender 2.0\u201d, en aquellas instituciones educativas con bajo desempe\u00f1o acad\u00e9mico en Bol\u00edvar. \u201cTodos a Aprender\u201d es una iniciativa del Ministerio de Educaci\u00f3n Nacional de formaci\u00f3n del servicio educativo orientado a transformar las pr\u00e1cticas de aula de los docentes en 190 instituciones educativas del departamento de bajo desempe\u00f1o acad\u00e9mico, ubicados en los 44 municipios no certificados de&#8230; <\/p>\n","protected":false},"author":3,"featured_media":17809,"comment_status":"open","ping_status":"closed","sticky":false,"template":"","format":"standard","meta":{"footnotes":"","_links_to":"","_links_to_target":""},"categories":[33],"tags":[],"class_list":["post-17808","post","type-post","status-publish","format-standard","has-post-thumbnail","hentry","category-actualidad-bolivar"],"_links":{"self":[{"href":"https:\/\/revistazetta.com\/index.php?rest_route=\/wp\/v2\/posts\/17808","targetHints":{"allow":["GET"]}}],"collection":[{"href":"https:\/\/revistazetta.com\/index.php?rest_route=\/wp\/v2\/posts"}],"about":[{"href":"https:\/\/revistazetta.com\/index.php?rest_route=\/wp\/v2\/types\/post"}],"author":[{"embeddable":true,"href":"https:\/\/revistazetta.com\/index.php?rest_route=\/wp\/v2\/users\/3"}],"replies":[{"embeddable":true,"href":"https:\/\/revistazetta.com\/index.php?rest_route=%2Fwp%2Fv2%2Fcomments&post=17808"}],"version-history":[{"count":0,"href":"https:\/\/revistazetta.com\/index.php?rest_route=\/wp\/v2\/posts\/17808\/revisions"}],"wp:featuredmedia":[{"embeddable":true,"href":"https:\/\/revistazetta.com\/index.php?rest_route=\/wp\/v2\/media\/17809"}],"wp:attachment":[{"href":"https:\/\/revistazetta.com\/index.php?rest_route=%2Fwp%2Fv2%2Fmedia&parent=17808"}],"wp:term":[{"taxonomy":"category","embeddable":true,"href":"https:\/\/revistazetta.com\/index.php?rest_route=%2Fwp%2Fv2%2Fcategories&post=17808"},{"taxonomy":"post_tag","embeddable":true,"href":"https:\/\/revistazetta.com\/index.php?rest_route=%2Fwp%2Fv2%2Ftags&post=17808"}],"curies":[{"name":"wp","href":"https:\/\/api.w.org\/{rel}","templated":true}]}}