{"id":17852,"date":"2016-12-01T17:23:59","date_gmt":"2016-12-01T22:23:59","guid":{"rendered":"http:\/\/www.revistazetta.com\/?p=17852"},"modified":"2016-12-01T19:00:42","modified_gmt":"2016-12-02T00:00:42","slug":"listos-recursos-terminar-transversal-montes-maria","status":"publish","type":"post","link":"https:\/\/revistazetta.com\/?p=17852","title":{"rendered":"Listos recursos para terminar Transversal de Montes de Mar\u00eda"},"content":{"rendered":"<p><img loading=\"lazy\" decoding=\"async\" class=\"alignright size-medium wp-image-17857\" src=\"https:\/\/www.revistazetta.com\/wp-content\/uploads\/2016\/12\/Dumek-via-montes-1-300x188.jpg\" alt=\"dumek-via-montes-1\" width=\"300\" height=\"188\" srcset=\"https:\/\/revistazetta.com\/wp-content\/uploads\/2016\/12\/Dumek-via-montes-1-300x188.jpg 300w, https:\/\/revistazetta.com\/wp-content\/uploads\/2016\/12\/Dumek-via-montes-1-234x146.jpg 234w, https:\/\/revistazetta.com\/wp-content\/uploads\/2016\/12\/Dumek-via-montes-1-50x31.jpg 50w, https:\/\/revistazetta.com\/wp-content\/uploads\/2016\/12\/Dumek-via-montes-1-120x75.jpg 120w, https:\/\/revistazetta.com\/wp-content\/uploads\/2016\/12\/Dumek-via-montes-1.jpg 576w\" sizes=\"auto, (max-width: 300px) 100vw, 300px\" \/>El gobernador de Bol\u00edvar, Dumek Turbay Paz, firm\u00f3 este jueves en Bogot\u00e1 con DNP y Fonade, el contrato por $ 22 mil millones para terminar la transversal de los Montes de Mar\u00eda<\/p>\n<p>\u201cAcabo de firmar el primer proyecto del posconflicto, un d\u00eda despu\u00e9s de la refrendaci\u00f3n de los Acuerdos de Paz: el convenio por m\u00e1s $22 mil millones para terminar la Transversal de los Montes de Mar\u00eda, en el trayecto que une al corregimiento de L\u00e1zaro con Macayepo, y la intervenci\u00f3n de todos los puentes y puntos de derrumbe que se identificaron en la ola invernal que ha azotado a Bol\u00edvar este a\u00f1o\u201d, declar\u00f3 el gobernador.<\/p>\n<p>El compromiso fue firmado en Bogot\u00e1, con el director de Planeaci\u00f3n Nacional, Sim\u00f3n Gaviria, y el nuevo gerente de Fonade, Ariel Adu\u00e9n.<\/p>\n<p>Seg\u00fan Turbay Paz, \u201cestos recursos fueron gestionados por nuestro gobierno y se encuentran amparados en el Contrato Paz de los Montes de Mar\u00eda\u201d.<\/p>\n","protected":false},"excerpt":{"rendered":"<p>El gobernador de Bol\u00edvar, Dumek Turbay Paz, firm\u00f3 este jueves en Bogot\u00e1 con DNP y Fonade, el contrato por $ 22 mil millones para terminar la transversal de los Montes de Mar\u00eda \u201cAcabo de firmar el primer proyecto del posconflicto, un d\u00eda despu\u00e9s de la refrendaci\u00f3n de los Acuerdos de Paz: el convenio por m\u00e1s $22 mil millones para terminar la Transversal de los Montes de Mar\u00eda, en el trayecto que une al corregimiento de L\u00e1zaro con Macayepo, y la intervenci\u00f3n de todos los puentes y puntos de derrumbe que&#8230; <\/p>\n","protected":false},"author":3,"featured_media":17856,"comment_status":"open","ping_status":"closed","sticky":false,"template":"","format":"standard","meta":{"footnotes":"","_links_to":"","_links_to_target":""},"categories":[80,33,75],"tags":[],"class_list":["post-17852","post","type-post","status-publish","format-standard","has-post-thumbnail","hentry","category-region","category-actualidad-bolivar","category-destacada"],"_links":{"self":[{"href":"https:\/\/revistazetta.com\/index.php?rest_route=\/wp\/v2\/posts\/17852","targetHints":{"allow":["GET"]}}],"collection":[{"href":"https:\/\/revistazetta.com\/index.php?rest_route=\/wp\/v2\/posts"}],"about":[{"href":"https:\/\/revistazetta.com\/index.php?rest_route=\/wp\/v2\/types\/post"}],"author":[{"embeddable":true,"href":"https:\/\/revistazetta.com\/index.php?rest_route=\/wp\/v2\/users\/3"}],"replies":[{"embeddable":true,"href":"https:\/\/revistazetta.com\/index.php?rest_route=%2Fwp%2Fv2%2Fcomments&post=17852"}],"version-history":[{"count":0,"href":"https:\/\/revistazetta.com\/index.php?rest_route=\/wp\/v2\/posts\/17852\/revisions"}],"wp:featuredmedia":[{"embeddable":true,"href":"https:\/\/revistazetta.com\/index.php?rest_route=\/wp\/v2\/media\/17856"}],"wp:attachment":[{"href":"https:\/\/revistazetta.com\/index.php?rest_route=%2Fwp%2Fv2%2Fmedia&parent=17852"}],"wp:term":[{"taxonomy":"category","embeddable":true,"href":"https:\/\/revistazetta.com\/index.php?rest_route=%2Fwp%2Fv2%2Fcategories&post=17852"},{"taxonomy":"post_tag","embeddable":true,"href":"https:\/\/revistazetta.com\/index.php?rest_route=%2Fwp%2Fv2%2Ftags&post=17852"}],"curies":[{"name":"wp","href":"https:\/\/api.w.org\/{rel}","templated":true}]}}