{"id":17853,"date":"2016-12-01T17:54:59","date_gmt":"2016-12-01T22:54:59","guid":{"rendered":"http:\/\/www.revistazetta.com\/?p=17853"},"modified":"2016-12-01T23:29:06","modified_gmt":"2016-12-02T04:29:06","slug":"camcomercio-presenta-proyectos-productivos-acordados-mesas-trabajo","status":"publish","type":"post","link":"https:\/\/revistazetta.com\/?p=17853","title":{"rendered":"CamComercio presenta proyectos productivos acordados en mesas de trabajo"},"content":{"rendered":"<p>\u00abTenemos que hacer al sector agroindustrial m\u00e1s productivo para consolidar el \u00e9xito del posconflicto\u201d, afirm\u00f3 Mar\u00eda Claudia P\u00e1ez Mallarino, presidenta ejecutiva de la C\u00e1mara de Comercio de Cartagena, al hablar de las conclusiones que arrojaron las mesas tem\u00e1ticas que se dieron durante el a\u00f1o 2016, luego de los compromisos asumidos el a\u00f1o anterior en el gran Foro de los 100 a\u00f1os: \u201cConstrucci\u00f3n Colectiva de un Patrimonio de la Humanidad\u201d.<\/p>\n<p>P\u00e1ez Mallarino destac\u00f3 que durante este proceso se expusieron nuevas iniciativas y, mediante el consenso, se lleg\u00f3 a la priorizaci\u00f3n de un conjunto de proyectos espec\u00edficos de desarrollo productivo, cuya ejecuci\u00f3n puede ayudar a consolidar el posconflicto en Bol\u00edvar. Estos proyectos ser\u00e1n presentados el pr\u00f3ximo 6 y 7 de diciembre en el Foro de cierre de la conmemoraci\u00f3n de los 100 a\u00f1os de fundaci\u00f3n de la C\u00e1mara.<\/p>\n<p>Mesa Desarrollo rural productivo: En esta mesa se trabaj\u00f3 en el desarrollo de la producci\u00f3n y comercializaci\u00f3n de tilapia en sitios potenciales de la subregi\u00f3n Canal del Dique, departamento de Bol\u00edvar; fortalecimiento de la producci\u00f3n de pi\u00f1a gold en \u00e1reas potenciales del norte del departamento de Bol\u00edvar e innovaci\u00f3n tecnol\u00f3gica con cultivos biofortificados para promover seguridad alimentaria y nutricional en la subregi\u00f3n del Canal del Dique, departamento de Bol\u00edvar: el caso de la yuca.<\/p>\n<p>Mesa Cultura como impulsora del turismo y el desarrollo: Desarrollo de un espacio para la realizaci\u00f3n de espect\u00e1culos culturales en Cartagena<\/p>\n<p>Mesa Innovaci\u00f3n para el desarrollo: Centro de Desarrollo Tecnol\u00f3gico de Protecci\u00f3n contra la Corrosi\u00f3n del Caribe en Cartagena.<\/p>\n<p>Mesa inclusi\u00f3n social en la zona de influencia de la Ci\u00e9naga de la Virgen: recuperaci\u00f3n eco sist\u00e9mica y protecci\u00f3n de los cuerpos de agua de la Unidades Comuneras de Gobierno del \u00e1rea de influencia de la Ci\u00e9naga de la Virgen en Cartagena.<\/p>\n<p>Adicionalmente la C\u00e1mara de Comercio revis\u00f3 la situaci\u00f3n actual de los siguientes proyectos y realiz\u00f3 gestiones con el prop\u00f3sito de lograr avances para su desarrollo:<\/p>\n<p>\u2022 Construcci\u00f3n del Recinto Ferial de Cartagena<\/p>\n<p>\u2022 Implementaci\u00f3n del Plan Maestro de Drenajes Pluviales de Cartagena<\/p>\n<p>\u2022 Macroproyectos de Infraestructura Estrat\u00e9gica de ciudad y regi\u00f3n, tanto con inversi\u00f3n p\u00fablica como privada, en Cartagena y Bol\u00edvar.<\/p>\n<p>El evento que se desarrollar\u00e1 en el Centro de Convenciones Cartagena de Indias, es completamente gratis, para reservar su cupo es necesario inscribirse en https:\/\/cccartagena.org.co\/es\/evento\/gran-foro-construccion-colectiva-de-un-patrimonio-de-la-humanidad.<\/p>\n","protected":false},"excerpt":{"rendered":"<p>\u00abTenemos que hacer al sector agroindustrial m\u00e1s productivo para consolidar el \u00e9xito del posconflicto\u201d, afirm\u00f3 Mar\u00eda Claudia P\u00e1ez Mallarino, presidenta ejecutiva de la C\u00e1mara de Comercio de Cartagena, al hablar de las conclusiones que arrojaron las mesas tem\u00e1ticas que se dieron durante el a\u00f1o 2016, luego de los compromisos asumidos el a\u00f1o anterior en el gran Foro de los 100 a\u00f1os: \u201cConstrucci\u00f3n Colectiva de un Patrimonio de la Humanidad\u201d. P\u00e1ez Mallarino destac\u00f3 que durante este proceso se expusieron nuevas iniciativas y, mediante el consenso, se lleg\u00f3 a la priorizaci\u00f3n de&#8230; <\/p>\n","protected":false},"author":3,"featured_media":17873,"comment_status":"open","ping_status":"closed","sticky":false,"template":"","format":"standard","meta":{"footnotes":"","_links_to":"","_links_to_target":""},"categories":[3,50],"tags":[],"class_list":["post-17853","post","type-post","status-publish","format-standard","has-post-thumbnail","hentry","category-ciudad","category-empresa"],"_links":{"self":[{"href":"https:\/\/revistazetta.com\/index.php?rest_route=\/wp\/v2\/posts\/17853","targetHints":{"allow":["GET"]}}],"collection":[{"href":"https:\/\/revistazetta.com\/index.php?rest_route=\/wp\/v2\/posts"}],"about":[{"href":"https:\/\/revistazetta.com\/index.php?rest_route=\/wp\/v2\/types\/post"}],"author":[{"embeddable":true,"href":"https:\/\/revistazetta.com\/index.php?rest_route=\/wp\/v2\/users\/3"}],"replies":[{"embeddable":true,"href":"https:\/\/revistazetta.com\/index.php?rest_route=%2Fwp%2Fv2%2Fcomments&post=17853"}],"version-history":[{"count":0,"href":"https:\/\/revistazetta.com\/index.php?rest_route=\/wp\/v2\/posts\/17853\/revisions"}],"wp:featuredmedia":[{"embeddable":true,"href":"https:\/\/revistazetta.com\/index.php?rest_route=\/wp\/v2\/media\/17873"}],"wp:attachment":[{"href":"https:\/\/revistazetta.com\/index.php?rest_route=%2Fwp%2Fv2%2Fmedia&parent=17853"}],"wp:term":[{"taxonomy":"category","embeddable":true,"href":"https:\/\/revistazetta.com\/index.php?rest_route=%2Fwp%2Fv2%2Fcategories&post=17853"},{"taxonomy":"post_tag","embeddable":true,"href":"https:\/\/revistazetta.com\/index.php?rest_route=%2Fwp%2Fv2%2Ftags&post=17853"}],"curies":[{"name":"wp","href":"https:\/\/api.w.org\/{rel}","templated":true}]}}