{"id":17917,"date":"2016-12-03T06:06:24","date_gmt":"2016-12-03T11:06:24","guid":{"rendered":"http:\/\/www.revistazetta.com\/?p=17917"},"modified":"2016-12-03T06:06:24","modified_gmt":"2016-12-03T11:06:24","slug":"arranco-festival-internacional-poesia-cartagena","status":"publish","type":"post","link":"https:\/\/revistazetta.com\/?p=17917","title":{"rendered":"Arranc\u00f3 el Festival Internacional de Poes\u00eda en Cartagena"},"content":{"rendered":"<p>Desde el pasado 1 y hasta el 5 de diciembre, a trav\u00e9s del Instituto de Patrimonio y Cultura de Cartagena IPCC, se estar\u00e1 realizando el  XX Festival Internacional de Poes\u00eda en Cartagena de Indias.<\/p>\n<p>El acto inaugural de este evento arranc\u00f3 con las d\u00e9cimas en pie forzado del maestro Sanjoaquinero Alfredo Martelo, quien a trav\u00e9s de sus versos hizo un llamado de paz al pa\u00eds. A partir de ese momento poetas de diferentes or\u00edgenes hicieron acto de presencia recitando poemas. En los intervalos, Martelo anim\u00f3 a los presentes con sus d\u00e9cimas de diversas tem\u00e1ticas. <\/p>\n<p>El poeta huilense Winston Morales ley\u00f3 algunos poemas de sus libros Aniquirona, Memorias de Alexander de Brucco, y \u00bfA d\u00f3nde van los d\u00edas transcurridos?<\/p>\n<p>Seguidamente el poeta brasilero Valdeck Almeida ley\u00f3 poes\u00edas de sus libros Poes\u00edas al viento: veinte poemas de amor y una cr\u00f3nica desesperada, y Ruta 66: amores y dolores de un poeta.<\/p>\n<p>En el mismo orden el poeta cartagenero Pedro Blas Julio Romero recit\u00f3 poes\u00edas en torno a la historia de Cartagena, la esclavitud y la cultura afro. Por su parte el poeta oriundo de Santa Catalina, R\u00f3mulo Bustos enfatiz\u00f3 sus poes\u00edas en temas variados como la naturaleza, la mujer y el amor. <\/p>\n<p>El tambi\u00e9n brasile\u00f1o Douglas Almeida recit\u00f3 poes\u00edas hacia la libertad, exponiendo una fuerte cr\u00edtica ante los sistemas dictatoriales. En representaci\u00f3n de las mujeres y completando la terna de Brasil, la poeta Samirames S\u00e9 ley\u00f3 poes\u00edas con un toque dram\u00e1tico. <\/p>\n<p>En honor a los visitantes el p\u00fablico explot\u00f3 en aplausos cuando el decimero Alfredo Martelo les dedic\u00f3 unos versos de agradecimiento, hermandad, y condolencias por la cat\u00e1strofe ocurrida recientemente con el club de f\u00fatbol Chapecoense.<br \/>\nLa noche cerr\u00f3 con un acto musical del maestro Ram\u00f3n Franco, quien aprovech\u00f3 para agradecer a Mart\u00edn Salas (Director del Festival Internacional de Poes\u00eda en Cartagena de Indias) por su labor, adem\u00e1s de entonar canciones de artistas como Joan Manuel Serrat, Luis Eduardo Aute, Facundo Cabral, entre otros.<\/p>\n<p>El s\u00e1bado 3 de diciembre a las 8:00 am se realizar\u00e1 el recital y concierto musical Muchiquillos en la escuela de m\u00fasica de Comfenalco, barrio Zaragocilla. Ese mismo d\u00eda se har\u00e1 la  Carrera Literaria a partir de las 6:00 pm en el Parque Esp\u00edritu del Manglar.<\/p>\n<p>El domingo 4 de diciembre  a las 10 a.m. la actividad programada es Yoga al Parque, Poetas al parque y cantos y mantras, en el Parque de la Marina. Y finalmente el d\u00eda lunes 5 de diciembre se har\u00e1 la celebraci\u00f3n de los 21 a\u00f1os del taller de poes\u00eda Siembra, acompa\u00f1ado de unas visitas a bibliotecas del Distrito y del Departamento.<\/p>\n","protected":false},"excerpt":{"rendered":"<p>Desde el pasado 1 y hasta el 5 de diciembre, a trav\u00e9s del Instituto de Patrimonio y Cultura de Cartagena IPCC, se estar\u00e1 realizando el XX Festival Internacional de Poes\u00eda en Cartagena de Indias. El acto inaugural de este evento arranc\u00f3 con las d\u00e9cimas en pie forzado del maestro Sanjoaquinero Alfredo Martelo, quien a trav\u00e9s de sus versos hizo un llamado de paz al pa\u00eds. A partir de ese momento poetas de diferentes or\u00edgenes hicieron acto de presencia recitando poemas. En los intervalos, Martelo anim\u00f3 a los presentes con sus&#8230; <\/p>\n","protected":false},"author":3,"featured_media":17919,"comment_status":"open","ping_status":"closed","sticky":false,"template":"","format":"standard","meta":{"footnotes":"","_links_to":"","_links_to_target":""},"categories":[59],"tags":[],"class_list":["post-17917","post","type-post","status-publish","format-standard","has-post-thumbnail","hentry","category-letras"],"_links":{"self":[{"href":"https:\/\/revistazetta.com\/index.php?rest_route=\/wp\/v2\/posts\/17917","targetHints":{"allow":["GET"]}}],"collection":[{"href":"https:\/\/revistazetta.com\/index.php?rest_route=\/wp\/v2\/posts"}],"about":[{"href":"https:\/\/revistazetta.com\/index.php?rest_route=\/wp\/v2\/types\/post"}],"author":[{"embeddable":true,"href":"https:\/\/revistazetta.com\/index.php?rest_route=\/wp\/v2\/users\/3"}],"replies":[{"embeddable":true,"href":"https:\/\/revistazetta.com\/index.php?rest_route=%2Fwp%2Fv2%2Fcomments&post=17917"}],"version-history":[{"count":0,"href":"https:\/\/revistazetta.com\/index.php?rest_route=\/wp\/v2\/posts\/17917\/revisions"}],"wp:featuredmedia":[{"embeddable":true,"href":"https:\/\/revistazetta.com\/index.php?rest_route=\/wp\/v2\/media\/17919"}],"wp:attachment":[{"href":"https:\/\/revistazetta.com\/index.php?rest_route=%2Fwp%2Fv2%2Fmedia&parent=17917"}],"wp:term":[{"taxonomy":"category","embeddable":true,"href":"https:\/\/revistazetta.com\/index.php?rest_route=%2Fwp%2Fv2%2Fcategories&post=17917"},{"taxonomy":"post_tag","embeddable":true,"href":"https:\/\/revistazetta.com\/index.php?rest_route=%2Fwp%2Fv2%2Ftags&post=17917"}],"curies":[{"name":"wp","href":"https:\/\/api.w.org\/{rel}","templated":true}]}}