{"id":17920,"date":"2016-12-03T06:09:41","date_gmt":"2016-12-03T11:09:41","guid":{"rendered":"http:\/\/www.revistazetta.com\/?p=17920"},"modified":"2016-12-03T06:09:41","modified_gmt":"2016-12-03T11:09:41","slug":"cartagena-ciudad-invitada-importante-festival-centros-historicos-mexico","status":"publish","type":"post","link":"https:\/\/revistazetta.com\/?p=17920","title":{"rendered":"Cartagena, ciudad invitada a importante festival de centros hist\u00f3ricos en M\u00e9xico"},"content":{"rendered":"<p>En el estado de Campeche &#8211; M\u00e9xico, una comisi\u00f3n liderada por el Instituto de Patrimonio y Cultura de Cartagena (IPCC) participa con muestras culturales representativas del legado afrodescendiente de Cartagena en el Festival Internacional del Centro Hist\u00f3rico 2016 (FICH).<\/p>\n<p>En julio pasado, el alcalde de Cartagena Manolo Duque y la directora del (IPCC) Berta Arnedo, recibieron la visita de la Secretar\u00eda de Turismo SECTUR, a cargo de Jorge Manos Esparragoza, y del representante de la Secretar\u00eda de Cultura SECULT, Delio Carillo donde se concret\u00f3 la participaci\u00f3n de Cartagena en el FICH.<\/p>\n<p>Las directivas del Festival revisaron los perfiles de arquitectos restauradores que hayan impactado por su trabajo en el patrimonio de Cartagena, y decidieron homenajear a los arquitectos cartageneros en cabeza de Alberto Samudio, quien fue condecorado por su trayectoria que destaca la revitalizaci\u00f3n de las plazas y en la rehabilitaci\u00f3n de las fortificaciones e importantes inmuebles de Cartagena de Indias y otras ciudades.<\/p>\n<p>Cuatro de esas obras le han merecido el Premio Nacional de Arquitectura en la categor\u00eda de restauraci\u00f3n. Son ellas las restauraciones de la Bater\u00eda del \u00c1ngel San Rafael en Bocachica en 1998, del Teatro Heredia en 2000, del Palacio de la Inquisici\u00f3n en 2004 y del Claustro de Santo Domingo en 2006, estas tres \u00faltimas en Cartagena.<\/p>\n<p>Durante la visita, las autoridades de Campeche conocieron el proceso que lider\u00f3 el IPCC sobre el reconocimiento de Cartagena como sitio de memoria y conciencia afro, y por supuesto, los esfuerzos por la instalaci\u00f3n de la ruta del esclavo.<\/p>\n<p>\u201cPara el Instituto de Patrimonio y Cultura fortalecer los hermanamientos con otras ciudades del mundo es supremamente importante, porque no solo permite la circulaci\u00f3n y la puesta en valor de todas nuestras expresiones art\u00edsticas e identitarias, sino que facilita el apoyo, la cooperaci\u00f3n de otros procesos de m\u00e1s largo alcance como por ejemplo de la revisi\u00f3n de la normatividad en t\u00e9rminos de la protecci\u00f3n y cuidados del patrimonio material e inmaterial\u201d, asegur\u00f3 la directora del IPCC Berta Arnedo.<\/p>\n<p>As\u00ed mismo, se encuentran invitados Alberto Samudio, el cantante Viviano Torres, el ballet folcl\u00f3rico Calenda  y la historiadora Lorena Guerrero que representa al equipo interinstitucional que trabaj\u00f3 con el apoyo de la Unesco en la ruta del esclavo, al igual que el Museo Hist\u00f3rico, IPCC, Ministerio de Cultura, Corporaci\u00f3n de Turismo.<\/p>\n","protected":false},"excerpt":{"rendered":"<p>En el estado de Campeche &#8211; M\u00e9xico, una comisi\u00f3n liderada por el Instituto de Patrimonio y Cultura de Cartagena (IPCC) participa con muestras culturales representativas del legado afrodescendiente de Cartagena en el Festival Internacional del Centro Hist\u00f3rico 2016 (FICH). En julio pasado, el alcalde de Cartagena Manolo Duque y la directora del (IPCC) Berta Arnedo, recibieron la visita de la Secretar\u00eda de Turismo SECTUR, a cargo de Jorge Manos Esparragoza, y del representante de la Secretar\u00eda de Cultura SECULT, Delio Carillo donde se concret\u00f3 la participaci\u00f3n de Cartagena en el&#8230; <\/p>\n","protected":false},"author":3,"featured_media":17918,"comment_status":"open","ping_status":"closed","sticky":false,"template":"","format":"standard","meta":{"footnotes":"","_links_to":"","_links_to_target":""},"categories":[3],"tags":[],"class_list":["post-17920","post","type-post","status-publish","format-standard","has-post-thumbnail","hentry","category-ciudad"],"_links":{"self":[{"href":"https:\/\/revistazetta.com\/index.php?rest_route=\/wp\/v2\/posts\/17920","targetHints":{"allow":["GET"]}}],"collection":[{"href":"https:\/\/revistazetta.com\/index.php?rest_route=\/wp\/v2\/posts"}],"about":[{"href":"https:\/\/revistazetta.com\/index.php?rest_route=\/wp\/v2\/types\/post"}],"author":[{"embeddable":true,"href":"https:\/\/revistazetta.com\/index.php?rest_route=\/wp\/v2\/users\/3"}],"replies":[{"embeddable":true,"href":"https:\/\/revistazetta.com\/index.php?rest_route=%2Fwp%2Fv2%2Fcomments&post=17920"}],"version-history":[{"count":0,"href":"https:\/\/revistazetta.com\/index.php?rest_route=\/wp\/v2\/posts\/17920\/revisions"}],"wp:featuredmedia":[{"embeddable":true,"href":"https:\/\/revistazetta.com\/index.php?rest_route=\/wp\/v2\/media\/17918"}],"wp:attachment":[{"href":"https:\/\/revistazetta.com\/index.php?rest_route=%2Fwp%2Fv2%2Fmedia&parent=17920"}],"wp:term":[{"taxonomy":"category","embeddable":true,"href":"https:\/\/revistazetta.com\/index.php?rest_route=%2Fwp%2Fv2%2Fcategories&post=17920"},{"taxonomy":"post_tag","embeddable":true,"href":"https:\/\/revistazetta.com\/index.php?rest_route=%2Fwp%2Fv2%2Ftags&post=17920"}],"curies":[{"name":"wp","href":"https:\/\/api.w.org\/{rel}","templated":true}]}}