{"id":17922,"date":"2016-12-03T21:06:32","date_gmt":"2016-12-04T02:06:32","guid":{"rendered":"http:\/\/www.revistazetta.com\/?p=17922"},"modified":"2016-12-03T21:06:32","modified_gmt":"2016-12-04T02:06:32","slug":"desde-achi-bolivar-primer-taller-posconflicto-buenas-noticias-departamento","status":"publish","type":"post","link":"https:\/\/revistazetta.com\/?p=17922","title":{"rendered":"Desde Ach\u00ed, Bol\u00edvar, primer taller sobre posconflicto y buenas noticias para el departamento"},"content":{"rendered":"<p>En Ach\u00ed, Bol\u00edvar, ase instal\u00f3 el primer taller sobre posconflicto en la regi\u00f3n por parte del presidente de la republica Jun Manuel Santos, sus ministros, el gobernador de Bol\u00edvar Dumek Turbay, sus secretarios de despacho, as\u00ed como alcaldes municipales e invitados especiales.<\/p>\n<p>Engranar y articular las acciones del estado frente al tema del pos conflicto, es el primer tema del taller que se realiz\u00f3 a puerta cerrada y que posteriormente fue socializado con las comunidades, por parte del presidente Santos y el gobernador Turbay Paz.<\/p>\n<p>\u201cNecesitamos empezar las obras y proyectos del pos conflicto lo antes posible, Debemos hacer las cosas de forma correcta, hay que implementar los acuerdos bajo las normas legales\u00bb, dijo el presidente Santos, enfatizando en qu\u00e9 hay que priorizar obras de inter\u00e9s en cada regi\u00f3n del pa\u00eds, e implementar el desarrollo de las zonas<\/p>\n<p>Prometi\u00f3 adem\u00e1s la construcci\u00f3n colegios, hospitales, carreteras, y el inicio de proyectos  productivos  y cientos de obras en beneficio y desarrollo para el pa\u00eds, incluyendo al departamento de Bol\u00edvar.<\/p>\n<p><img loading=\"lazy\" decoding=\"async\" src=\"https:\/\/www.revistazetta.com\/wp-content\/uploads\/2016\/12\/TLLR-POSCONFLICTP-300x187.jpg\" alt=\"tllr-posconflictp\" width=\"300\" height=\"187\" class=\"alignright size-medium wp-image-17929\" srcset=\"https:\/\/revistazetta.com\/wp-content\/uploads\/2016\/12\/TLLR-POSCONFLICTP-300x187.jpg 300w, https:\/\/revistazetta.com\/wp-content\/uploads\/2016\/12\/TLLR-POSCONFLICTP-234x146.jpg 234w, https:\/\/revistazetta.com\/wp-content\/uploads\/2016\/12\/TLLR-POSCONFLICTP-50x31.jpg 50w, https:\/\/revistazetta.com\/wp-content\/uploads\/2016\/12\/TLLR-POSCONFLICTP-120x75.jpg 120w, https:\/\/revistazetta.com\/wp-content\/uploads\/2016\/12\/TLLR-POSCONFLICTP.jpg 570w\" sizes=\"auto, (max-width: 300px) 100vw, 300px\" \/><\/p>\n<p><img loading=\"lazy\" decoding=\"async\" src=\"https:\/\/www.revistazetta.com\/wp-content\/uploads\/2016\/12\/TLLR-POSCONFLICTP3-300x187.jpg\" alt=\"tllr-posconflictp3\" width=\"300\" height=\"187\" class=\"alignright size-medium wp-image-17930\" srcset=\"https:\/\/revistazetta.com\/wp-content\/uploads\/2016\/12\/TLLR-POSCONFLICTP3-300x187.jpg 300w, https:\/\/revistazetta.com\/wp-content\/uploads\/2016\/12\/TLLR-POSCONFLICTP3-234x146.jpg 234w, https:\/\/revistazetta.com\/wp-content\/uploads\/2016\/12\/TLLR-POSCONFLICTP3-50x31.jpg 50w, https:\/\/revistazetta.com\/wp-content\/uploads\/2016\/12\/TLLR-POSCONFLICTP3-120x75.jpg 120w, https:\/\/revistazetta.com\/wp-content\/uploads\/2016\/12\/TLLR-POSCONFLICTP3.jpg 570w\" sizes=\"auto, (max-width: 300px) 100vw, 300px\" \/><br \/>\nLa c\u00fapula militar en pleno, los ministros, los periodistas, el director del DNP, Sim\u00f3n Gaviria, el gerente del Fondo de Adaptaci\u00f3n, Iv\u00e1n Mustaf\u00e1, el director nacional de la Unidad de Riesgo Carlos Iv\u00e1n M\u00e1rquez, alcaldes de la regi\u00f3n, entre otras personalidades asistieron al evento que fue supervisado en su totalidad por el gobernador Turbay Paz.<\/p>\n<p>Santos tambi\u00e9n aprovech\u00f3 para referirse a la reintegraci\u00f3n de combatientes, de los cuales asegura se han reintegrado m\u00e1s de 58.000, \u201ceste proceso requiere una buena ejecuci\u00f3n, para que nadie reincida y los excombatientes encuentren una forma de vida y no vuelvan a la violencia\u201d, dijo.<\/p>\n<p>Anunci\u00f3 la construcci\u00f3n del colegio Puerto Venecia para 350 estudiantes en el municipio de Ach\u00ed, de igual forma la contrataci\u00f3n de 500 profesores de planta para la educaci\u00f3n de Bol\u00edvar e Inversiones en v\u00edas y hospitales.<\/p>\n<p>Con este primer taller tambi\u00e9n busca lograr la firma de  contratos para construcci\u00f3n de  750 viviendas en el municipio de Ach\u00ed, as\u00ed mismo se firmaron proyectos para la prosperidad social por valor de 15 mil millones de pesos, para nueve municipios, de los que cinco nunca han recibido recursos para la prosperidad.<\/p>\n","protected":false},"excerpt":{"rendered":"<p>En Ach\u00ed, Bol\u00edvar, ase instal\u00f3 el primer taller sobre posconflicto en la regi\u00f3n por parte del presidente de la republica Jun Manuel Santos, sus ministros, el gobernador de Bol\u00edvar Dumek Turbay, sus secretarios de despacho, as\u00ed como alcaldes municipales e invitados especiales. Engranar y articular las acciones del estado frente al tema del pos conflicto, es el primer tema del taller que se realiz\u00f3 a puerta cerrada y que posteriormente fue socializado con las comunidades, por parte del presidente Santos y el gobernador Turbay Paz. \u201cNecesitamos empezar las obras y&#8230; <\/p>\n","protected":false},"author":3,"featured_media":17931,"comment_status":"open","ping_status":"closed","sticky":false,"template":"","format":"standard","meta":{"footnotes":"","_links_to":"","_links_to_target":""},"categories":[75,33],"tags":[],"class_list":["post-17922","post","type-post","status-publish","format-standard","has-post-thumbnail","hentry","category-destacada","category-actualidad-bolivar"],"_links":{"self":[{"href":"https:\/\/revistazetta.com\/index.php?rest_route=\/wp\/v2\/posts\/17922","targetHints":{"allow":["GET"]}}],"collection":[{"href":"https:\/\/revistazetta.com\/index.php?rest_route=\/wp\/v2\/posts"}],"about":[{"href":"https:\/\/revistazetta.com\/index.php?rest_route=\/wp\/v2\/types\/post"}],"author":[{"embeddable":true,"href":"https:\/\/revistazetta.com\/index.php?rest_route=\/wp\/v2\/users\/3"}],"replies":[{"embeddable":true,"href":"https:\/\/revistazetta.com\/index.php?rest_route=%2Fwp%2Fv2%2Fcomments&post=17922"}],"version-history":[{"count":0,"href":"https:\/\/revistazetta.com\/index.php?rest_route=\/wp\/v2\/posts\/17922\/revisions"}],"wp:featuredmedia":[{"embeddable":true,"href":"https:\/\/revistazetta.com\/index.php?rest_route=\/wp\/v2\/media\/17931"}],"wp:attachment":[{"href":"https:\/\/revistazetta.com\/index.php?rest_route=%2Fwp%2Fv2%2Fmedia&parent=17922"}],"wp:term":[{"taxonomy":"category","embeddable":true,"href":"https:\/\/revistazetta.com\/index.php?rest_route=%2Fwp%2Fv2%2Fcategories&post=17922"},{"taxonomy":"post_tag","embeddable":true,"href":"https:\/\/revistazetta.com\/index.php?rest_route=%2Fwp%2Fv2%2Ftags&post=17922"}],"curies":[{"name":"wp","href":"https:\/\/api.w.org\/{rel}","templated":true}]}}